{"id":102,"date":"2021-10-28T09:13:23","date_gmt":"2021-10-28T09:13:23","guid":{"rendered":"http:\/\/oraexacta.net\/blog\/?p=102"},"modified":"2021-10-28T09:13:25","modified_gmt":"2021-10-28T09:13:25","slug":"zona-din-cluj-napoca-cu-probabil-cele-mai-mari-preturi-la-imobiliare-din-toata-romania","status":"publish","type":"post","link":"https:\/\/oraexacta.net\/blog\/2021\/10\/28\/zona-din-cluj-napoca-cu-probabil-cele-mai-mari-preturi-la-imobiliare-din-toata-romania\/","title":{"rendered":"Zona din Cluj-Napoca cu probabil cele mai mari pre\u021buri la imobiliare din toat\u0103 Rom\u00e2nia"},"content":{"rendered":"\n<p>De mul\u021bi ani, Cluj-Napoca se remarc\u0103\nprin cea mai important\u0103 dinamic\u0103 \u00een ceea ce prive\u0219te\nconstruc\u021biile imobiliare &#8211; at\u00e2t la partea de ofert\u0103 (multe\nproiecte, construc\u021bii noi, inclusiv \u00een \u00eemprejurimile ora\u0219ului),\ndar mai ales la partea de pre\u021buri. Costurile pe metru p\u0103trat\nconstruit \u0219i pe metru p\u0103trat util \u00een Cluj-Napoca au tot crescut \u00een\nultimii 7 ani, conform statisticilor publice de pe pia\u021ba de\nspecialitate (inclusiv indicele imobiliare.ro, unul dintre\nindicatorii de \u00eencredere \u00een acest sector). \u00cen prezent, pre\u021bul\nmediu pe mp \u00een Cluj-Napoca este \u00een jurul valorii de 2000 de euro,\nadic\u0103 la 20-25% avans fa\u021b\u0103 de media din Capitala Rom\u00e2niei,\nBucure\u0219ti.<\/p>\n\n\n\n<p>Anumite zone din Cluj-Napoca au ajuns\ns\u0103 fie extrem de c\u0103utate pe zona premium \u0219i de lux. \u00cen cartierul\nGruia, zona Strada V\u00e2n\u0103torului, pre\u021burile ajung p\u00e2n\u0103\nla 4000 euro \/ mp util \u00een cazul apartamentelor \u0219i\nproiectelor noi, moderne, exclusiviste, care ofer\u0103 nu doar calitate\n\u0219i suprafe\u021be generoase, ci \u0219i o panoram\u0103 deosebit\u0103 360 de grade.\n<\/p>\n\n\n\n<p>Zona Strada V\u00e2n\u0103torului, asociat\u0103\ncartierului Gruia, ajunge astfel s\u0103 propun\u0103 pre\u021buri la imobiliare\ndemne de marile capitale europene, ba chiar s\u0103 dep\u0103\u0219easc\u0103 astfel\nde pre\u021buri \u00een multe compara\u021bii. Interesant este c\u0103 \u00een ciuda\npre\u021burilor ridicate, cererea dep\u0103\u0219e\u0219te oferte &#8211; apar pu\u021bine\npropriet\u0103\u021bi noi pe pia\u021b\u0103 \u00een zon\u0103, care se v\u00e2nd de exemplu cu\nmulte sute de mii de euro pentru un apartament duplex cu panoram\u0103\nimpresionant\u0103. \n<\/p>\n\n\n\n<p>Exper\u021bii din domeniul imobiliar spun\nc\u0103 multe dintre aceste tranzac\u021bii \u00een zon\u0103 se fac cu plata pe loc,\nde c\u0103tre persoane care \u00ee\u0219i doresc o locuin\u021b\u0103 premium sau doresc\ns\u0103 investeasc\u0103 o parte din capitalul de\u021binut \u00een ceea ce consider\u0103\no oportunitate pe termen lung. Zona Strada V\u00e2n\u0103torului din\ncartierul Gruia se bucur\u0103 de o a\u0219ezare central\u0103 \u00een ora\u0219, cu\nacces rapid la orice alt\u0103 zon\u0103 din Cluj-Napoca &#8211; aproape de centrul\ncomercial \u0219i de afaceri al ora\u0219ului, de gar\u0103, parc, cu acces la\ntransport \u00een comun etc. Totu\u0219i, se asigur\u0103 o oaz\u0103 de lini\u0219te cu\nmult\u0103 natur\u0103 bine conservat\u0103 \u00een mijlocul ora\u0219ului cum rar po\u021bi\ns\u0103 \u00eent\u00e2lne\u0219ti \u00eentr-un ora\u0219 at\u00e2t de aglomerat \u0219i activ precum\neste Cluj-Napoca.<\/p>\n\n\n\n<p>Pre\u021bul mediu de achizi\u021bie a unei\nlocuin\u021be a crescut \u00een mai multe \u021b\u0103ri europene \u00een anul 2021, \u00een\nciuda crizei sanitare globale, cu impact asupra economiei \u0219i\nimplicit asupra finan\u021belor personale. Cre\u0219terile au dep\u0103\u0219it\na\u0219tept\u0103rile anali\u0219tilor, iar acum se estimeaz\u0103 c\u0103 inclusiv \u00een\nRom\u00e2nia se vor observa ascensiuni noi ale pre\u021burilor la imobiliare\n\u00een perioada imediat urm\u0103toare, \u00een special \u00een zonele de mare\ninteres &#8211; iar Cluj-Napoca se \u00eencadreaz\u0103, fire\u0219te, \u00een aceast\u0103\ndescriere. \n<\/p>\n\n\n\n<p>Printre motivele cre\u0219terilor se num\u0103r\u0103\navansul extrem de mare al pre\u021burilor la multe materii prime din\ndomeniul construc\u021biilor. Impactul ar fi a\u0219adar \u00een special asupra\nproiectelor noi, dar implicit pia\u021ba transfer\u0103 pre\u021burile \u0219i c\u0103tre\nproiectele deja construite.<\/p>\n","protected":false},"excerpt":{"rendered":"<p>De mul\u021bi ani, Cluj-Napoca se remarc\u0103 prin cea mai important\u0103 dinamic\u0103 \u00een ceea ce prive\u0219te construc\u021biile imobiliare &#8211; at\u00e2t la partea de ofert\u0103 (multe proiecte, construc\u021bii noi, inclusiv \u00een \u00eemprejurimile ora\u0219ului), dar mai ales la partea de pre\u021buri. Costurile pe metru p\u0103trat construit \u0219i pe metru p\u0103trat util \u00een Cluj-Napoca [&hellip;]<\/p>\n","protected":false},"author":1,"featured_media":103,"comment_status":"open","ping_status":"open","sticky":false,"template":"","format":"standard","meta":[],"categories":[2,5,4],"tags":[],"_links":{"self":[{"href":"https:\/\/oraexacta.net\/blog\/wp-json\/wp\/v2\/posts\/102"}],"collection":[{"href":"https:\/\/oraexacta.net\/blog\/wp-json\/wp\/v2\/posts"}],"about":[{"href":"https:\/\/oraexacta.net\/blog\/wp-json\/wp\/v2\/types\/post"}],"author":[{"embeddable":true,"href":"https:\/\/oraexacta.net\/blog\/wp-json\/wp\/v2\/users\/1"}],"replies":[{"embeddable":true,"href":"https:\/\/oraexacta.net\/blog\/wp-json\/wp\/v2\/comments?post=102"}],"version-history":[{"count":1,"href":"https:\/\/oraexacta.net\/blog\/wp-json\/wp\/v2\/posts\/102\/revisions"}],"predecessor-version":[{"id":104,"href":"https:\/\/oraexacta.net\/blog\/wp-json\/wp\/v2\/posts\/102\/revisions\/104"}],"wp:featuredmedia":[{"embeddable":true,"href":"https:\/\/oraexacta.net\/blog\/wp-json\/wp\/v2\/media\/103"}],"wp:attachment":[{"href":"https:\/\/oraexacta.net\/blog\/wp-json\/wp\/v2\/media?parent=102"}],"wp:term":[{"taxonomy":"category","embeddable":true,"href":"https:\/\/oraexacta.net\/blog\/wp-json\/wp\/v2\/categories?post=102"},{"taxonomy":"post_tag","embeddable":true,"href":"https:\/\/oraexacta.net\/blog\/wp-json\/wp\/v2\/tags?post=102"}],"curies":[{"name":"wp","href":"https:\/\/api.w.org\/{rel}","templated":true}]}}