{"id":1056,"date":"2025-04-07T14:10:40","date_gmt":"2025-04-07T14:10:40","guid":{"rendered":"https:\/\/oraexacta.net\/blog\/?p=1056"},"modified":"2025-04-07T14:10:41","modified_gmt":"2025-04-07T14:10:41","slug":"micii-producatori-locali-din-judetul-iasi-prezenti-la-raftul-cu-bunatati-locale-din-magazinele-profi","status":"publish","type":"post","link":"https:\/\/oraexacta.net\/blog\/2025\/04\/07\/micii-producatori-locali-din-judetul-iasi-prezenti-la-raftul-cu-bunatati-locale-din-magazinele-profi\/","title":{"rendered":"Micii produc\u0103tori locali din jude\u021bul Ia\u0219i, prezen\u021bi la Raftul cu Bun\u0103t\u0103\u021bi Locale din magazinele Profi"},"content":{"rendered":"\n<p>Cel mai amplu program de sus\u021binere a micilor produc\u0103tori locali se extinde \u0219i \u00een jude\u021bul Ia\u0219i, \u00eencep\u00e2nd din aprilie 2025. Profi a deschis oficial Raftul cu Bun\u0103t\u0103\u021bi Locale \u00een magazine selectate din Ia\u0219i, Pa\u0219cani \u0219i H\u00e2rl\u0103u. Produc\u0103torii locali sunt \u00eencuraja\u021bi s\u0103 aduc\u0103 \u00een retailul modern bun\u0103t\u0103\u021bile f\u0103cute dup\u0103 re\u021bete tradi\u021bionale \u0219i sunt ajuta\u021bi astfel s\u0103 ajung\u0103 mai u\u0219or la consumatori.<\/p>\n\n\n\n<p>Gra\u021bie programului demarat de re\u021beaua rom\u00e2neasc\u0103 de magazine Profi, micii produc\u0103tori locali pot s\u0103 continue s\u0103 transmit\u0103 mai departe mo\u0219ternirea gustului autentic \u0219i s\u0103n\u0103tos.<\/p>\n\n\n\n<p>Raftul cu Bun\u0103t\u0103\u021bi Locale ofer\u0103 gustul inconfundabil al unor produse proaspete din carne, lactate, patiserie, miere curat\u0103, vinuri din fructe, salate, dar \u0219i fructe deshidratate sau transformate \u00een nectar. Pentru \u00eenceput, aproape 20 de produc\u0103tori alimenteaz\u0103 Raftul cu Bun\u0103t\u0103\u021bi Locale din magazinele Profi selectate din jude\u021bul Ia\u0219i, complet\u00e2nd astfel oferta generoas\u0103 listat\u0103 deja pe platforma Via Profi, unde oricine poate ajunge la produc\u0103torii locali f\u0103r\u0103 niciun fel de intermediere.<\/p>\n\n\n\n<p>Zilnic, Raftul cu Bun\u0103t\u0103\u021bi Locale \u00ee\u0219i \u00eent\u00e2mpin\u0103 cu pre\u021buri mici clien\u021bii din Ia\u0219i la Profi Super din Strada Clopotari, nr.16-20, bl. 607, scara A-C , Profi Super din Bulevardul Independen\u021bei 1A, Profi Super din Bulevardul Carol 48 \u0219i Profi Super din \u0218oseaua P\u0103curari 112, \u00een Pa\u0219cani la Profi Super din Strada Stefan Cel Mare, BI V 1-3, iar \u00een H\u00e2rl\u0103u la Profi Super pe Strada Petru Rare\u0219 14.<\/p>\n\n\n\n<p>\u201eProgramul nu are o miz\u0103 economic\u0103 pentru Profi, fiind o alt\u0103 cale prin care \u00een\u021belegem s\u0103 punem suflet \u00een comunitate \u0219i \u00een Rom\u00e2nia, a\u0219a cum face fiecare dintre micii produc\u0103tori pe care i-am selectat. Ne asigur\u0103m c\u0103 ceea este bun \u0219i s\u0103n\u0103tos \u00ee\u0219i g\u0103se\u0219te loc \u00een retailul modern. Profi ajut\u0103 micii produc\u0103tori locali care g\u0103tesc ca pentru propria lor familie s\u0103 ajung\u0103 \u00een c\u00e2t mai multe gospod\u0103rii din Rom\u00e2nia, iar cei care vin \u00een magazine pot reg\u0103si gusturile autentice, din ingrediente atent selec\u021bionate. Este un angajament ferm pentru a p\u0103stra tot ceea ce este bun \u0219i ne face bine \u0219i a asigura un viitor pentru micii produc\u0103tori locali care pun suflet \u00een Rom\u00e2nia&#8221;, a declarat C\u0103lin Costina\u0219, Director General adjunct Profi.<\/p>\n\n\n\n<p>Toate produsele sunt puse la v\u00e2nzare \u00een cantit\u0103\u021bi limitate \u0219i doar \u00een magazine selectate pentru a permite produc\u0103torilor s\u0103 \u00ee\u0219i p\u0103streze modul de preparare \u0219i calitatea tradi\u021bionale, f\u0103r\u0103 a insista pe cantitate. Accentul este pus pe prospe\u021bime \u0219i produc\u021bia artizanal\u0103 specific\u0103 fiec\u0103rei localit\u0103\u021bi sau zone \u00een care acestea sunt expuse la Raftul cu Bun\u0103t\u0103\u021bi Locale. Profi sus\u021binute micii produc\u0103tori locali pentru a se prezenta cu cele mai bune produse ale lor respect\u00e2nd toate normele sanitare, cu o etichetare corect\u0103 \u0219i \u00eentr-o form\u0103 care s\u0103 le pun\u0103 \u00een valoare con\u021binutul valoros.<\/p>\n\n\n\n<p>Programul de sus\u021binere a produc\u0103torilor locali ini\u021biat de Profi prin Raftul cu Bun\u0103t\u0103\u021bi Locale a fost prezentat prima dat\u0103 \u00een septembrie 2022, la festivalul pe care l-a organizat la Apo\u0219. De atunci, acesta s-a extins cuprinz\u00e2nd tot mai multe jude\u021be \u0219i va continua s\u0103 se extind\u0103 \u0219i pe parcursul acestui an. Astfel, \u00een 2023, el a cuprins 120 de furnizori locali artizanali, cu peste 800 de articole tradi\u021bionale, prezen\u021bi \u00een 25 de magazine Profi din 21 de localit\u0103\u021bi, iar \u00een 2024 harta a fost completat\u0103 cu jude\u021bele Timi\u0219, Sibiu \u0219i Olt, ajung\u00e2nd astfel la aproape 1000 de articole disponibile la Raftul cu Bun\u0103t\u0103\u021bi Locale.<\/p>\n\n\n\n<p>Dincolo de prezen\u021ba \u00een magazinele Profi, micii produc\u0103tori locali \u00ee\u0219i spun pove\u0219tile \u0219i \u00ee\u0219i prezint\u0103 oferta \u0219i pe cea mai ampl\u0103 \u0219i premiat\u0103 platform\u0103 na\u021bional\u0103 de promovare a lor, Via-Profi.ro, prin intermediul c\u0103reia oricine poate porni \u00eentr-o c\u0103l\u0103torie plin\u0103 de savoare a gusturilor din Rom\u00e2nia.<\/p>\n\n\n\n<p>Cu peste 28.000 de angaja\u021bi \u00een peste 1.7700 de magazine proprii \u0219i partenere din aproape 890 de localit\u0103\u021bi urbane \u0219i rurale, Profi este cel mai mare angajator privat din Rom\u00e2nia.<\/p>\n","protected":false},"excerpt":{"rendered":"<p>Cel mai amplu program de sus\u021binere a micilor produc\u0103tori locali se extinde \u0219i \u00een jude\u021bul Ia\u0219i, \u00eencep\u00e2nd din aprilie 2025. Profi a deschis oficial Raftul cu Bun\u0103t\u0103\u021bi Locale \u00een magazine selectate din Ia\u0219i, Pa\u0219cani \u0219i H\u00e2rl\u0103u. Produc\u0103torii locali sunt \u00eencuraja\u021bi s\u0103 aduc\u0103 \u00een retailul modern bun\u0103t\u0103\u021bile f\u0103cute dup\u0103 re\u021bete tradi\u021bionale [&hellip;]<\/p>\n","protected":false},"author":1,"featured_media":1057,"comment_status":"closed","ping_status":"closed","sticky":false,"template":"","format":"standard","meta":[],"categories":[3,2],"tags":[],"_links":{"self":[{"href":"https:\/\/oraexacta.net\/blog\/wp-json\/wp\/v2\/posts\/1056"}],"collection":[{"href":"https:\/\/oraexacta.net\/blog\/wp-json\/wp\/v2\/posts"}],"about":[{"href":"https:\/\/oraexacta.net\/blog\/wp-json\/wp\/v2\/types\/post"}],"author":[{"embeddable":true,"href":"https:\/\/oraexacta.net\/blog\/wp-json\/wp\/v2\/users\/1"}],"replies":[{"embeddable":true,"href":"https:\/\/oraexacta.net\/blog\/wp-json\/wp\/v2\/comments?post=1056"}],"version-history":[{"count":1,"href":"https:\/\/oraexacta.net\/blog\/wp-json\/wp\/v2\/posts\/1056\/revisions"}],"predecessor-version":[{"id":1058,"href":"https:\/\/oraexacta.net\/blog\/wp-json\/wp\/v2\/posts\/1056\/revisions\/1058"}],"wp:featuredmedia":[{"embeddable":true,"href":"https:\/\/oraexacta.net\/blog\/wp-json\/wp\/v2\/media\/1057"}],"wp:attachment":[{"href":"https:\/\/oraexacta.net\/blog\/wp-json\/wp\/v2\/media?parent=1056"}],"wp:term":[{"taxonomy":"category","embeddable":true,"href":"https:\/\/oraexacta.net\/blog\/wp-json\/wp\/v2\/categories?post=1056"},{"taxonomy":"post_tag","embeddable":true,"href":"https:\/\/oraexacta.net\/blog\/wp-json\/wp\/v2\/tags?post=1056"}],"curies":[{"name":"wp","href":"https:\/\/api.w.org\/{rel}","templated":true}]}}