{"id":1435,"date":"2025-06-22T17:37:03","date_gmt":"2025-06-22T17:37:03","guid":{"rendered":"https:\/\/oraexacta.net\/blog\/?p=1435"},"modified":"2025-06-22T17:37:05","modified_gmt":"2025-06-22T17:37:05","slug":"apel-de-proiecte-pentru-ong-uri-al-fondului-azi-impreuna-lansat-de-fundatia-omv-petrom","status":"publish","type":"post","link":"https:\/\/oraexacta.net\/blog\/2025\/06\/22\/apel-de-proiecte-pentru-ong-uri-al-fondului-azi-impreuna-lansat-de-fundatia-omv-petrom\/","title":{"rendered":"Apel de proiecte pentru ONG-uri al fondului Azi. \u00cempreun\u0103, lansat de Funda\u021bia OMV Petrom"},"content":{"rendered":"\n<p>Funda\u021bia OMV Petrom lanseaz\u0103 fondul de finan\u021bare \u201eAzi. \u00cempreun\u0103.\u201d deschis organiza\u021biilor nonprofit din Rom\u00e2nia care implementeaz\u0103 programe \u00een sprijinul educa\u021biei timpurii, s\u0103n\u0103t\u0103\u021bii timpurii sau conserv\u0103rii biodiversit\u0103\u021bii.<\/p>\n\n\n\n<p>Astfel, vor fi sus\u021binute proiecte implementate \u00een comunit\u0103\u021bi dezavantajate, de organiza\u021bii mici \u0219i medii. Funda\u021bia OMV Petrom va evalua cererile \u00een parteneriat cu speciali\u0219ti din cadrul Funda\u021biei pentru Dezvoltarea Societ\u0103\u021bii Civile \u0219i al\u0103turi de un juriu extern.<\/p>\n\n\n\n<p>\u201e Prin fondul \u201eAzi. \u00cempreun\u0103.\u201d, ne dorim s\u0103 sus\u021binem ini\u021biativele c\u00e2t mai multor ONG-uri care au proiecte de educa\u021bie timpurie, s\u0103n\u0103tate timpurie sau biodiversitate implementate la nivel local, de unde porne\u0219te schimbarea,\u201d a declarat Steven van Groningen, Pre\u0219edintele Consiliului Director, Funda\u021bia OMV Petrom.<\/p>\n\n\n\n<p>Prin fondul de finan\u021bare \u201eAzi. \u00cempreun\u0103.\u201d, Funda\u021bia OMV Petrom urm\u0103re\u0219te dezvoltarea proiectelor care contribuie la cre\u0219terea gradului de participare la educa\u021bie timpurie \u00een mediile defavorizate, care adreseaz\u0103 s\u0103n\u0103tatea timpurie \u0219i\/sau contribuie la reducerea ratei mortalit\u0103\u021bii infantile, sau care promoveaz\u0103 conservarea biodiversit\u0103\u021bii.<\/p>\n\n\n\n<p>Fondul presupune trei niveluri de finan\u021bare, cu valori \u00eentre 40.000 lei &#8211; 250.000 lei. Organiza\u021biile pot accesa ghidul de aplicare \u0219i alte documente necesare pe site-ul Funda\u021biei OMV Petrom. Cererile de finan\u021bare pot fi trimise \u00een perioada 19 iunie &#8211; 24 iulie 2025.<\/p>\n\n\n\n<p>Lansat\u0103 \u00een anul 2022, Funda\u021bia OMV Petrom construie\u0219te programe \u0219i sus\u021bine investi\u021bii pe termen lung \u00een Rom\u00e2nia pentru comunit\u0103\u021bi dezavantajate, \u00een trei domenii cheie: educa\u021bie timpurie, s\u0103n\u0103tate timpurie \u0219i biodiversitate.<\/p>\n","protected":false},"excerpt":{"rendered":"<p>Funda\u021bia OMV Petrom lanseaz\u0103 fondul de finan\u021bare \u201eAzi. \u00cempreun\u0103.\u201d deschis organiza\u021biilor nonprofit din Rom\u00e2nia care implementeaz\u0103 programe \u00een sprijinul educa\u021biei timpurii, s\u0103n\u0103t\u0103\u021bii timpurii sau conserv\u0103rii biodiversit\u0103\u021bii. Astfel, vor fi sus\u021binute proiecte implementate \u00een comunit\u0103\u021bi dezavantajate, de organiza\u021bii mici \u0219i medii. Funda\u021bia OMV Petrom va evalua cererile \u00een parteneriat cu speciali\u0219ti [&hellip;]<\/p>\n","protected":false},"author":1,"featured_media":1436,"comment_status":"closed","ping_status":"closed","sticky":false,"template":"","format":"standard","meta":[],"categories":[2],"tags":[],"_links":{"self":[{"href":"https:\/\/oraexacta.net\/blog\/wp-json\/wp\/v2\/posts\/1435"}],"collection":[{"href":"https:\/\/oraexacta.net\/blog\/wp-json\/wp\/v2\/posts"}],"about":[{"href":"https:\/\/oraexacta.net\/blog\/wp-json\/wp\/v2\/types\/post"}],"author":[{"embeddable":true,"href":"https:\/\/oraexacta.net\/blog\/wp-json\/wp\/v2\/users\/1"}],"replies":[{"embeddable":true,"href":"https:\/\/oraexacta.net\/blog\/wp-json\/wp\/v2\/comments?post=1435"}],"version-history":[{"count":1,"href":"https:\/\/oraexacta.net\/blog\/wp-json\/wp\/v2\/posts\/1435\/revisions"}],"predecessor-version":[{"id":1437,"href":"https:\/\/oraexacta.net\/blog\/wp-json\/wp\/v2\/posts\/1435\/revisions\/1437"}],"wp:featuredmedia":[{"embeddable":true,"href":"https:\/\/oraexacta.net\/blog\/wp-json\/wp\/v2\/media\/1436"}],"wp:attachment":[{"href":"https:\/\/oraexacta.net\/blog\/wp-json\/wp\/v2\/media?parent=1435"}],"wp:term":[{"taxonomy":"category","embeddable":true,"href":"https:\/\/oraexacta.net\/blog\/wp-json\/wp\/v2\/categories?post=1435"},{"taxonomy":"post_tag","embeddable":true,"href":"https:\/\/oraexacta.net\/blog\/wp-json\/wp\/v2\/tags?post=1435"}],"curies":[{"name":"wp","href":"https:\/\/api.w.org\/{rel}","templated":true}]}}