{"id":1457,"date":"2025-06-28T12:25:07","date_gmt":"2025-06-28T12:25:07","guid":{"rendered":"https:\/\/oraexacta.net\/blog\/?p=1457"},"modified":"2025-06-28T12:25:09","modified_gmt":"2025-06-28T12:25:09","slug":"campanie-de-constientizare-a-simptomelor-cancerului-de-cap-si-gat-initiata-de-merck-romania","status":"publish","type":"post","link":"https:\/\/oraexacta.net\/blog\/2025\/06\/28\/campanie-de-constientizare-a-simptomelor-cancerului-de-cap-si-gat-initiata-de-merck-romania\/","title":{"rendered":"Campanie de con\u0219tientizare a simptomelor cancerului de cap \u0219i g\u00e2t ini\u021biat\u0103 de Merck Rom\u00e2nia"},"content":{"rendered":"\n<p>Compania Merck Rom\u00e2nia lanseaz\u0103 campania na\u021bional\u0103 de informare \u201eAi grij\u0103 la cap\u201d, menit\u0103 s\u0103 creasc\u0103 nivelul de con\u0219tientizare asupra simptomelor cancerelor de cap \u0219i g\u00e2t, s\u0103 \u00eencurajeze popula\u021bia s\u0103 cear\u0103 sprijin medical de la primele semne \u0219i s\u0103 elimine tendin\u021ba de a ignora aceste afec\u021biuni confund\u00e2ndu-le cu r\u0103celi sau probleme stomatologice banale.<\/p>\n\n\n\n<p>Simptomele cancerului de cap \u0219i g\u00e2t pot p\u0103rea inofensive la \u00eenceput: r\u0103gu\u0219eal\u0103, durere la \u00eenghi\u021bire, nas \u00eenfundat, leziuni sau pete \u00een cavitatea bucal\u0103. Acestea sunt frecvent confundate cu infec\u021bii ORL sau probleme stomatologice minore, dar atunci c\u00e2nd persist\u0103, pot fi semnul unor afec\u021biuni grave. Diagnosticarea timpurie poate face diferen\u021ba \u00eentre via\u021b\u0103 \u0219i moarte, iar ratele de supravie\u021buire pot ajunge la 90% \u00een stadiul I, \u00eens\u0103 scad dramatic p\u00e2n\u0103 la 5% \u00een stadiul IV.<\/p>\n\n\n\n<p>\u201eEste esen\u021bial s\u0103 transmitem un mesaj clar: simptomele care persist\u0103 nu trebuie ignorate. Cu c\u00e2t cancerul este descoperit mai devreme, cu at\u00e2t \u0219ansele de tratament eficient sunt mai mari. Campania \u201eAi grij\u0103 la cap\u201d vine cu resurse educa\u021bionale, sprijin informa\u021bional \u0219i apelul la ac\u021biune imediat\u0103 \u2013 pentru c\u0103 s\u0103n\u0103tatea nu poate fi am\u00e2nat\u0103. Ne-am dorit s\u0103 cre\u0103m un mesaj simplu, dar puternic, care s\u0103 ajung\u0103 acolo unde trebuie &#8211; la cei care ignor\u0103 semnele sau le pun pe seama oboselii ori a unei r\u0103celi trec\u0103toare. Nu vrem s\u0103 alarm\u0103m, ci s\u0103 inform\u0103m. \u0218i mai ales, s\u0103 determin\u0103m o reac\u021bie: un pas spre cabinetul medicului. Pentru c\u0103 atunci c\u00e2nd ac\u021bionezi devreme, ai cele mai mari \u0219anse de vindecare\u201d, a declarat Dr. Oussama Jabri, director general Merck Rom\u00e2nia.<\/p>\n\n\n\n<p>Cancerul de cap \u0219i g\u00e2t include mai multe tipuri de tumori: de cavitate oral\u0103, glande salivare, faringe, laringe \u0219i cavitate nazal\u0103. \u00cen Rom\u00e2nia, cel mai frecvent diagnosticat este cancerul faringian, cu aproape 2700 de cazuri raportate anual, urmat de cancerul laringian. B\u0103rba\u021bii sunt de dou\u0103 ori mai afecta\u021bi dec\u00e2t femeile, iar mortalitatea se men\u021bine ridicat\u0103 \u00een lipsa unui diagnostic precoce.<\/p>\n\n\n\n<p>Cei mai importan\u021bi factori de risc sunt consumul de tutun \u0219i alcool, implica\u021bi \u00een 75% dintre cazurile de carcinom scuamos localizat la cap \u0219i g\u00e2t. \u00cen plus, infec\u021bia cu HPV \u0219i expunerea la substan\u021be cancerigene pot contribui la dezvoltarea bolii. Site-ul campaniei, www.aigrijalacap.ro, ofer\u0103 informa\u021bii esen\u021biale despre simptomele frecvente, factorii de risc \u0219i op\u021biunile de tratament, toate menite s\u0103 ajute utilizatorii s\u0103 decid\u0103 dac\u0103 este momentul s\u0103 consulte un medic.<\/p>\n","protected":false},"excerpt":{"rendered":"<p>Compania Merck Rom\u00e2nia lanseaz\u0103 campania na\u021bional\u0103 de informare \u201eAi grij\u0103 la cap\u201d, menit\u0103 s\u0103 creasc\u0103 nivelul de con\u0219tientizare asupra simptomelor cancerelor de cap \u0219i g\u00e2t, s\u0103 \u00eencurajeze popula\u021bia s\u0103 cear\u0103 sprijin medical de la primele semne \u0219i s\u0103 elimine tendin\u021ba de a ignora aceste afec\u021biuni confund\u00e2ndu-le cu r\u0103celi sau probleme [&hellip;]<\/p>\n","protected":false},"author":1,"featured_media":1458,"comment_status":"closed","ping_status":"closed","sticky":false,"template":"","format":"standard","meta":[],"categories":[3,2,5],"tags":[],"_links":{"self":[{"href":"https:\/\/oraexacta.net\/blog\/wp-json\/wp\/v2\/posts\/1457"}],"collection":[{"href":"https:\/\/oraexacta.net\/blog\/wp-json\/wp\/v2\/posts"}],"about":[{"href":"https:\/\/oraexacta.net\/blog\/wp-json\/wp\/v2\/types\/post"}],"author":[{"embeddable":true,"href":"https:\/\/oraexacta.net\/blog\/wp-json\/wp\/v2\/users\/1"}],"replies":[{"embeddable":true,"href":"https:\/\/oraexacta.net\/blog\/wp-json\/wp\/v2\/comments?post=1457"}],"version-history":[{"count":1,"href":"https:\/\/oraexacta.net\/blog\/wp-json\/wp\/v2\/posts\/1457\/revisions"}],"predecessor-version":[{"id":1459,"href":"https:\/\/oraexacta.net\/blog\/wp-json\/wp\/v2\/posts\/1457\/revisions\/1459"}],"wp:featuredmedia":[{"embeddable":true,"href":"https:\/\/oraexacta.net\/blog\/wp-json\/wp\/v2\/media\/1458"}],"wp:attachment":[{"href":"https:\/\/oraexacta.net\/blog\/wp-json\/wp\/v2\/media?parent=1457"}],"wp:term":[{"taxonomy":"category","embeddable":true,"href":"https:\/\/oraexacta.net\/blog\/wp-json\/wp\/v2\/categories?post=1457"},{"taxonomy":"post_tag","embeddable":true,"href":"https:\/\/oraexacta.net\/blog\/wp-json\/wp\/v2\/tags?post=1457"}],"curies":[{"name":"wp","href":"https:\/\/api.w.org\/{rel}","templated":true}]}}