{"id":1461,"date":"2025-06-30T07:36:14","date_gmt":"2025-06-30T07:36:14","guid":{"rendered":"https:\/\/oraexacta.net\/blog\/?p=1461"},"modified":"2025-06-30T07:36:16","modified_gmt":"2025-06-30T07:36:16","slug":"radacini-estate-dezvolta-un-parc-comercial-denumit-chitila-plazza","status":"publish","type":"post","link":"https:\/\/oraexacta.net\/blog\/2025\/06\/30\/radacini-estate-dezvolta-un-parc-comercial-denumit-chitila-plazza\/","title":{"rendered":"R\u0103d\u0103cini Estate dezvolt\u0103 un parc comercial denumit Chitila Plazza"},"content":{"rendered":"\n<p>R\u0103d\u0103cini Estate a anun\u021bat dezvoltarea celui mai nou proiect imobiliar din portofoliu &#8211; un nou parc comercial \u00een zona Chitila, \u00een urma unei investi\u021bii de aproape 8 milioane de euro. Proiectul, denumit Chitila Plazza, va avea o suprafa\u021b\u0103 \u00eenchiriabil\u0103 de aproximativ 6.800 mp \u0219i urmeaz\u0103 s\u0103 fie livrat p\u00e2n\u0103 \u00een trimestrul IV al anului 2025.<br>Situat \u00een imediata apropiere a \u0218oselei de Centur\u0103 a Capitalei, proiectul Chitila Plazza este dezvoltat \u00eempreun\u0103 cu antreprenorul general ImoSteel \u0219i va include aproximativ 10 unit\u0103\u021bi comerciale, dintre care dou\u0103 vor fi dedicate zonei de food (restaurante\/cafenele).<\/p>\n\n\n\n<p>Proiectul a fost conceput cu accent pe accesibilitate, integrare urban\u0103 \u0219i func\u021bionalitate, beneficiind de acces direct din \u0218oseaua de Centur\u0103, de o zon\u0103 verde amenajat\u0103 \u0219i de proximitatea imediat\u0103 a unei clinici de urgen\u021be cu rol important \u00een infrastructura medical\u0103 local\u0103. Toate aceste elemente sus\u021bin viziunea unui hub comercial modern, adaptat nevoilor zilnice ale locuitorilor \u0219i miilor de persoane care tranziteaz\u0103 zona zilnic. Totodat\u0103, noul parc comercial este amplasat \u00eentr-o zon\u0103 accesibil\u0103 \u0219i va include facilit\u0103\u021bi menite s\u0103 r\u0103spund\u0103 nevoilor cotidiene ale comunit\u0103\u021bi.<\/p>\n\n\n\n<p>\u201eChitila Plazza este conceput cu respect fa\u021b\u0103 de identitatea local\u0103 \u2013 un ora\u0219 \u00een care dezvoltarea urban\u0103 nu a fost marcat\u0103 de densific\u0103ri haotice. Prin utilizarea principiilor de arhitectur\u0103 sustenabil\u0103, dorim s\u0103 contribuim la p\u0103strarea caracterului lini\u0219tit al comunit\u0103\u021bii, oferind \u00een acela\u0219i timp facilit\u0103\u021bi moderne \u0219i utile locuitorilor\u201d, a declarat Filip Todosia, Development Manager, R\u0103d\u0103cini Estate.<\/p>\n\n\n\n<p>Acest nou proiect marcheaz\u0103 continuarea direc\u021biei strategice a R\u0103d\u0103cini Estate de diversificare a portofoliului imobiliar \u0219i de consolidare a prezen\u021bei \u00een zona periurban\u0103 a Capitalei, cu accent pe dezvolt\u0103ri comerciale de tip retail park \u2013 un format cu eficien\u021b\u0103 opera\u021bional\u0103 ridicat\u0103 \u0219i atractivitate crescut\u0103 pentru chiria\u0219i din sectoare precum alimentar, servicii, fitness, beauty \u0219i fashion.<\/p>\n\n\n\n<p>R\u0103d\u0103cini Grup este unul dintre cei mai mari juc\u0103tori ai pie\u021bei auto din Rom\u00e2nia, fiind dealer autorizat pentru m\u0103rcile Mazda, Suzuki, Volkswagen, Skoda, Opel, Citroen, MG \u0219i Honda, cu centre auto integrate \u00een Bucure\u0219ti, Bra\u0219ov, Br\u0103ila, Constan\u021ba \u0219i Ploie\u0219ti.<\/p>\n\n\n\n<p>O alt\u0103 divizie care a devenit tot mai complex\u0103 \u00een ultimii ani este R\u0103d\u0103cini Estate, divizia imobiliar\u0103 a grupului. Un nume reprezentativ din portofoliul companiei este Avia\u021biei Tower, proiect reziden\u021bial premium, dezvoltat \u00een dou\u0103 faze, \u00een zona de Nord a Capitalei. Un alt proiect imobiliar este 303 by R\u0103d\u0103cini care este destinat, \u00een principal, familiilor care caut\u0103 intimitate \u0219i refugiu \u00een natur\u0103, \u00een apropierea unor puncte de interes.<\/p>\n\n\n\n<p>Grupul de\u021bine \u0219i o divizie specializat\u0103 \u00een comercializarea de echipament \u0219i utilaje industriale Bobcat, dar \u0219i \u00een activitatea de formare profesional\u0103 \u00een domeniul auto. Totodat\u0103, o direc\u021bie strategic\u0103 a grupului este cea de responsabilitate social\u0103, coordonat\u0103 de Funda\u021bia R\u0103d\u0103cini Grup.<\/p>\n","protected":false},"excerpt":{"rendered":"<p>R\u0103d\u0103cini Estate a anun\u021bat dezvoltarea celui mai nou proiect imobiliar din portofoliu &#8211; un nou parc comercial \u00een zona Chitila, \u00een urma unei investi\u021bii de aproape 8 milioane de euro. Proiectul, denumit Chitila Plazza, va avea o suprafa\u021b\u0103 \u00eenchiriabil\u0103 de aproximativ 6.800 mp \u0219i urmeaz\u0103 s\u0103 fie livrat p\u00e2n\u0103 \u00een [&hellip;]<\/p>\n","protected":false},"author":1,"featured_media":1462,"comment_status":"closed","ping_status":"closed","sticky":false,"template":"","format":"standard","meta":[],"categories":[3],"tags":[],"_links":{"self":[{"href":"https:\/\/oraexacta.net\/blog\/wp-json\/wp\/v2\/posts\/1461"}],"collection":[{"href":"https:\/\/oraexacta.net\/blog\/wp-json\/wp\/v2\/posts"}],"about":[{"href":"https:\/\/oraexacta.net\/blog\/wp-json\/wp\/v2\/types\/post"}],"author":[{"embeddable":true,"href":"https:\/\/oraexacta.net\/blog\/wp-json\/wp\/v2\/users\/1"}],"replies":[{"embeddable":true,"href":"https:\/\/oraexacta.net\/blog\/wp-json\/wp\/v2\/comments?post=1461"}],"version-history":[{"count":1,"href":"https:\/\/oraexacta.net\/blog\/wp-json\/wp\/v2\/posts\/1461\/revisions"}],"predecessor-version":[{"id":1463,"href":"https:\/\/oraexacta.net\/blog\/wp-json\/wp\/v2\/posts\/1461\/revisions\/1463"}],"wp:featuredmedia":[{"embeddable":true,"href":"https:\/\/oraexacta.net\/blog\/wp-json\/wp\/v2\/media\/1462"}],"wp:attachment":[{"href":"https:\/\/oraexacta.net\/blog\/wp-json\/wp\/v2\/media?parent=1461"}],"wp:term":[{"taxonomy":"category","embeddable":true,"href":"https:\/\/oraexacta.net\/blog\/wp-json\/wp\/v2\/categories?post=1461"},{"taxonomy":"post_tag","embeddable":true,"href":"https:\/\/oraexacta.net\/blog\/wp-json\/wp\/v2\/tags?post=1461"}],"curies":[{"name":"wp","href":"https:\/\/api.w.org\/{rel}","templated":true}]}}