{"id":1475,"date":"2025-07-08T21:11:00","date_gmt":"2025-07-08T21:11:00","guid":{"rendered":"https:\/\/oraexacta.net\/blog\/?p=1475"},"modified":"2025-07-08T21:11:04","modified_gmt":"2025-07-08T21:11:04","slug":"nopti-de-vara-sus-pe-teatru-program-sustinut-de-ppc-7-iulie-8-septembrie-2025","status":"publish","type":"post","link":"https:\/\/oraexacta.net\/blog\/2025\/07\/08\/nopti-de-vara-sus-pe-teatru-program-sustinut-de-ppc-7-iulie-8-septembrie-2025\/","title":{"rendered":"Nop\u021bi de var\u0103, sus, pe teatru, program sus\u021binut de PPC: 7 iulie &#8211; 8 septembrie 2025"},"content":{"rendered":"\n<p>PPC Energie sus\u021bine programul \u201cNop\u021bi de var\u0103, sus, pe teatru\u201d care se va desf\u0103\u0219ura la Amfiteatrul \u00een aer liber de pe acoperi\u0219ul Teatrului Na\u021bional Bucure\u0219ti \u00eencep\u00e2nd cu 7 iulie 2025. PPC este partener an de an pentru acest proiect, ca parte din angajamentul s\u0103u de a sprijini proiecte culturale relevante din \u00eentreaga \u021bar\u0103 \u0219i de a aduce arta mai aproape de oameni, inclusiv \u00een spa\u021bii neconven\u021bionale.<\/p>\n\n\n\n<p>\u00cen perioada 7 iulie &#8211; 8 septembrie 2025, publicul este invitat s\u0103 urce din nou, la 24 de metri deasupra Pie\u021bei Universit\u0103\u021bii, pentru a descoperi un program variat de evenimente teatrale \u0219i muzicale.<\/p>\n\n\n\n<p>Programul Nop\u021bi de var\u0103 include produc\u021bii ale teatrelor independente, \u00eent\u00e2lniri cu tineri arti\u0219ti \u0219i prezen\u021ba unor nume consacrate precum Oana Pellea, Marian R\u00e2lea, Marius Manole, Ada Milea, Alina Berzun\u021beanu sau Lari Giorgescu. Pe l\u00e2ng\u0103 acestea, Amfiteatrul va g\u0103zdui concerte sus\u021binute de BYRON, Luiza Zan &amp; Jazzpar Trio, COMA, The Mono Jacks, Valeria Stoica \u0219i mul\u021bi al\u021bii.<br>Programul complet al stagiunii este disponibil pe tnb.ro \u0219i bilet.ro.<\/p>\n\n\n\n<p>\u00cen Bucure\u0219ti, companiile din grupul PPC \u00een Rom\u00e2nia sus\u021bin parteneri culturali precum Opera Na\u021bional\u0103 Bucure\u0219ti, ARCUB, Opera Comic\u0103 pentru Copii, Muzeul Na\u021bional Cotroceni, Turneul International Stradivarius 2025, \u00een cadrul c\u0103ruia au avut loc recent trei concerte \u00een Capital\u0103.<\/p>\n\n\n\n<p>PPC Energie este furnizorul de energie electric\u0103 \u0219i gaze naturale dedicat \u00een a r\u0103spunde nevoilor clientului de ast\u0103zi, preocupat de economisirea energiei, eficien\u021b\u0103 \u0219i sustenabilitate. Cu o baz\u0103 de aproximativ 3 milioane de clien\u021bi casnici, companii \u0219i institu\u021bii din toat\u0103 \u021bara \u0219i o re\u021bea de 80 de magazine moderne, portofoliul PPC Energie cuprinde produse \u0219i servicii cu valoare ad\u0103ugat\u0103 care ofer\u0103 clien\u021bilor confort \u0219i siguran\u021b\u0103.<\/p>\n","protected":false},"excerpt":{"rendered":"<p>PPC Energie sus\u021bine programul \u201cNop\u021bi de var\u0103, sus, pe teatru\u201d care se va desf\u0103\u0219ura la Amfiteatrul \u00een aer liber de pe acoperi\u0219ul Teatrului Na\u021bional Bucure\u0219ti \u00eencep\u00e2nd cu 7 iulie 2025. PPC este partener an de an pentru acest proiect, ca parte din angajamentul s\u0103u de a sprijini proiecte culturale relevante [&hellip;]<\/p>\n","protected":false},"author":1,"featured_media":1476,"comment_status":"closed","ping_status":"closed","sticky":false,"template":"","format":"standard","meta":[],"categories":[5],"tags":[],"_links":{"self":[{"href":"https:\/\/oraexacta.net\/blog\/wp-json\/wp\/v2\/posts\/1475"}],"collection":[{"href":"https:\/\/oraexacta.net\/blog\/wp-json\/wp\/v2\/posts"}],"about":[{"href":"https:\/\/oraexacta.net\/blog\/wp-json\/wp\/v2\/types\/post"}],"author":[{"embeddable":true,"href":"https:\/\/oraexacta.net\/blog\/wp-json\/wp\/v2\/users\/1"}],"replies":[{"embeddable":true,"href":"https:\/\/oraexacta.net\/blog\/wp-json\/wp\/v2\/comments?post=1475"}],"version-history":[{"count":1,"href":"https:\/\/oraexacta.net\/blog\/wp-json\/wp\/v2\/posts\/1475\/revisions"}],"predecessor-version":[{"id":1477,"href":"https:\/\/oraexacta.net\/blog\/wp-json\/wp\/v2\/posts\/1475\/revisions\/1477"}],"wp:featuredmedia":[{"embeddable":true,"href":"https:\/\/oraexacta.net\/blog\/wp-json\/wp\/v2\/media\/1476"}],"wp:attachment":[{"href":"https:\/\/oraexacta.net\/blog\/wp-json\/wp\/v2\/media?parent=1475"}],"wp:term":[{"taxonomy":"category","embeddable":true,"href":"https:\/\/oraexacta.net\/blog\/wp-json\/wp\/v2\/categories?post=1475"},{"taxonomy":"post_tag","embeddable":true,"href":"https:\/\/oraexacta.net\/blog\/wp-json\/wp\/v2\/tags?post=1475"}],"curies":[{"name":"wp","href":"https:\/\/api.w.org\/{rel}","templated":true}]}}