{"id":1489,"date":"2025-07-12T11:15:10","date_gmt":"2025-07-12T11:15:10","guid":{"rendered":"https:\/\/oraexacta.net\/blog\/?p=1489"},"modified":"2025-07-12T11:15:12","modified_gmt":"2025-07-12T11:15:12","slug":"videt-a-deschis-showroom-in-palas-mall-iasi-si-mizeaza-pe-crestere-de-15-a-vanzarilor","status":"publish","type":"post","link":"https:\/\/oraexacta.net\/blog\/2025\/07\/12\/videt-a-deschis-showroom-in-palas-mall-iasi-si-mizeaza-pe-crestere-de-15-a-vanzarilor\/","title":{"rendered":"Videt a deschis showroom \u00een Palas Mall Ia\u0219i \u0219i mizeaz\u0103 pe cre\u0219tere de 15% a v\u00e2nz\u0103rilor"},"content":{"rendered":"\n<p>Videt, parte a grupului interna\u021bional Alensa, a deschis recent cel de-al nou\u0103lea magazin din re\u021beaua sa, \u00een urma unei investi\u021bii de 300.000 de euro. Noul showroom de optic\u0103 din incinta Palas Mall Ia\u0219i are o suprafa\u021b\u0103 de aproape 300 de metri p\u0103tra\u021bi utili \u0219i este cel mai mare din regiunea Moldovei. \u00cen urma deschiderii, compania estimeaz\u0103 o cre\u0219tere de aproximativ 15% a cifrei de afaceri pe zona de retail fizic, \u00een primele 12 luni.<\/p>\n\n\n\n<p>\u201eAm ales Ia\u0219iul datorit\u0103 poten\u021bialului ridicat al pie\u021bei locale, dinamismului ora\u0219ului \u0219i interesului crescut al publicului pentru produse \u0219i servicii de calitate \u00een domeniul opticii. Ne a\u0219tept\u0103m ca noul showroom din incinta Palas Mall s\u0103 genereze o cre\u0219tere de aproximativ 15% a cifrei de afaceri pe zona de retail fizic \u00een primele 12 luni \u0219i s\u0103 atrag\u0103 cel pu\u021bin 15.000 de clien\u021bi unici \u00een primul an. Extinderea \u00een offline face parte din strategia omnichannel a companiei, care vine ca r\u0103spuns la nevoile clien\u021bilor no\u0219tri. Magazinul fizic completeaz\u0103 perfect experien\u021ba online pe care o oferim prin intermediul platformei noastre. Suntem lider pe segmentul opticii online din Rom\u00e2nia, mai ales datorit\u0103 lentilelor de contact unde avem cea mai diversificat\u0103 ofert\u0103 de pe pia\u021b\u0103, disponibil\u0103 permanent\u201d, a declarat Alexandru Alecu, fondatorul brandului Videt.<\/p>\n\n\n\n<p>P\u00e2n\u0103 \u00een prezent, Videt a deservit peste 200.000 de clien\u021bi la nivel na\u021bional. Compania opereaz\u0103 deja nou\u0103 showroom-uri \u2013 \u00een Bucure\u0219ti, Cluj-Napoca, Gala\u021bi, Suceava \u0219i Ia\u0219i \u2013 \u0219i are \u00een plan extinderea prezen\u021bei la nivel na\u021bional prin deschiderea a \u00eenc\u0103 trei, patru magazine fizice \u00een ora\u0219e mari, precum Constan\u021ba, Bra\u0219ov \u0219i Timi\u0219oara, \u00eentr-un termen de 12 luni.<br>Videt estimeaz\u0103 pentru 2025 o cifr\u0103 de afaceri de peste 16 milioane de euro, impulsionat\u0103 de extinderea re\u021belei de magazine \u0219i cre\u0219terea comenzilor online. Compania a \u00eencheiat anul trecut cu o cifr\u0103 de afaceri de aproximativ 13 milioane de euro, mai mare cu 60% fa\u021b\u0103 de 2023.<\/p>\n\n\n\n<p>Videt de\u021bine un portofoliu de peste 10.000 de produse disponibile online, care include mai mult de 5.000 de modele de rame pentru ochelari de vedere \u0219i peste 5.000 de ochelari de soare, lentile, precum \u0219i cel mai mare stoc de lentile de contact din Rom\u00e2nia, solu\u021bii \u0219i pic\u0103turi pentru ochi.<\/p>\n\n\n\n<p>Noul showroom din Palas Mall Ia\u0219i, inaugurat oficial pe 9 iulie, ofer\u0103 clien\u021bilor o selec\u021bie de peste 3.000 de ochelari de vedere \u0219i de soare de la mai mult de 50 de branduri de top, lentile de vedere, la care se adaug\u0103 un stoc permanent cu cele mai populare tipuri de lentile de contact disponibile pe pia\u021b\u0103 \u00een prezent. Oferta este completat\u0103 de o gam\u0103 diversificat\u0103 de servicii, precum consulta\u021bii optometrice gratuite, montarea rapid\u0103 a lentilelor \u00een magazin \u00eentr-o or\u0103, consultan\u021b\u0103 de specialitate \u00een alegerea ramelor \u0219i lentilelor potrivite, ajust\u0103ri ale ramelor \u0219i suport post-achizi\u021bie.<\/p>\n\n\n\n<p>\u201eOferta Videt se remarc\u0103 printr-o combina\u021bie unic\u0103 de accesibilitate, tehnologie, servicii specializate \u0219i campanii atractive. Ne adres\u0103m tuturor bugetelor, f\u0103r\u0103 a face compromisuri la capitolul calitate. Un alt punct forte este reprezentat de recuren\u021b\u0103 foarte mare a clien\u021bilor, datorat\u0103 serviciilor moderne, pre\u021burilor accesibile \u0219i livr\u0103rii rapide. Spre exemplu, \u00een primele cinci luni din 2025, 96,5% dintre clien\u021bii din magazinele fizice ne recomand\u0103. Fidelizarea este o prioritate constant\u0103 pentru noi, de aceea punem accent pe respectarea termenelor de livrare, at\u00e2t pentru comenzile online, c\u00e2t \u0219i pentru cele din magazine, iar echipa noastr\u0103 este format\u0103 din speciali\u0219ti \u00een optic\u0103 \u0219i consultan\u021bi preg\u0103ti\u021bi s\u0103 ofere recomand\u0103ri personalizate\u201d, a mai precizat Alexandru Alecu.<\/p>\n\n\n\n<p>Cu ocazia inaugur\u0103rii celui mai mare showroom de optic\u0103 din Moldova, Videt a derulat mai multe promo\u021bii, care au inclus oferte speciale pentru ochelarii de soare \u0219i reduceri de 40% la to\u021bi ochelarii din magazin, timp de patru zile, \u0219i campania aniversar\u0103 \u201eZilele Videt\u201d. De asemenea, to\u021bi clien\u021bii care au achizi\u021bionat orice produs din magazinul Videt Palas Ia\u0219i \u00een perioada 10-13 iulie au participat automat la tombola \u201eCump\u0103r\u0103, vezi, c\u00e2\u0219tig\u0103!\u201d, la care c\u00e2\u0219tig\u0103torul va primi un card cadou \u00een valoare de 2.000 de lei.<\/p>\n\n\n\n<p>Videt este unul dintre cele mai apreciate branduri din domeniul opticii medicale din Rom\u00e2nia. Compania, care face parte din grupul interna\u021bional Alensa, are deja o re\u021bea de nou\u0103 magazine la nivel na\u021bional \u0219i este lider de pia\u021b\u0103 pe segmentul opticii online din Rom\u00e2nia. Platforma online videt.ro ofer\u0103 peste 10.000 de produse, care includ rame pentru ochelari de vedere \u0219i lentile, ochelari de soare sau pentru lucrul la calculator, precum \u0219i cel mai mare stoc de lentile de contact \u0219i accesorii din Rom\u00e2nia. Magazinele Videt furnizeaz\u0103 o gam\u0103 extins\u0103 de servicii, multe dintre ele gratuite, \u0219i sunt dotate cu tehnologii de ultim\u0103 genera\u021bie care ofer\u0103 clien\u021bilor o experien\u021b\u0103 eficient\u0103 \u0219i pl\u0103cut\u0103.<\/p>\n","protected":false},"excerpt":{"rendered":"<p>Videt, parte a grupului interna\u021bional Alensa, a deschis recent cel de-al nou\u0103lea magazin din re\u021beaua sa, \u00een urma unei investi\u021bii de 300.000 de euro. Noul showroom de optic\u0103 din incinta Palas Mall Ia\u0219i are o suprafa\u021b\u0103 de aproape 300 de metri p\u0103tra\u021bi utili \u0219i este cel mai mare din regiunea [&hellip;]<\/p>\n","protected":false},"author":1,"featured_media":1490,"comment_status":"closed","ping_status":"closed","sticky":false,"template":"","format":"standard","meta":[],"categories":[3,2],"tags":[],"_links":{"self":[{"href":"https:\/\/oraexacta.net\/blog\/wp-json\/wp\/v2\/posts\/1489"}],"collection":[{"href":"https:\/\/oraexacta.net\/blog\/wp-json\/wp\/v2\/posts"}],"about":[{"href":"https:\/\/oraexacta.net\/blog\/wp-json\/wp\/v2\/types\/post"}],"author":[{"embeddable":true,"href":"https:\/\/oraexacta.net\/blog\/wp-json\/wp\/v2\/users\/1"}],"replies":[{"embeddable":true,"href":"https:\/\/oraexacta.net\/blog\/wp-json\/wp\/v2\/comments?post=1489"}],"version-history":[{"count":1,"href":"https:\/\/oraexacta.net\/blog\/wp-json\/wp\/v2\/posts\/1489\/revisions"}],"predecessor-version":[{"id":1491,"href":"https:\/\/oraexacta.net\/blog\/wp-json\/wp\/v2\/posts\/1489\/revisions\/1491"}],"wp:featuredmedia":[{"embeddable":true,"href":"https:\/\/oraexacta.net\/blog\/wp-json\/wp\/v2\/media\/1490"}],"wp:attachment":[{"href":"https:\/\/oraexacta.net\/blog\/wp-json\/wp\/v2\/media?parent=1489"}],"wp:term":[{"taxonomy":"category","embeddable":true,"href":"https:\/\/oraexacta.net\/blog\/wp-json\/wp\/v2\/categories?post=1489"},{"taxonomy":"post_tag","embeddable":true,"href":"https:\/\/oraexacta.net\/blog\/wp-json\/wp\/v2\/tags?post=1489"}],"curies":[{"name":"wp","href":"https:\/\/api.w.org\/{rel}","templated":true}]}}