{"id":1560,"date":"2025-09-02T12:02:57","date_gmt":"2025-09-02T12:02:57","guid":{"rendered":"https:\/\/oraexacta.net\/blog\/?p=1560"},"modified":"2025-09-02T12:02:59","modified_gmt":"2025-09-02T12:02:59","slug":"locurile-de-cazare-din-programul-litoralul-pentru-toti-2025-se-ocupa-foarte-rapid","status":"publish","type":"post","link":"https:\/\/oraexacta.net\/blog\/2025\/09\/02\/locurile-de-cazare-din-programul-litoralul-pentru-toti-2025-se-ocupa-foarte-rapid\/","title":{"rendered":"Locurile de cazare din programul Litoralul pentru to\u021bi 2025 se ocup\u0103 foarte rapid"},"content":{"rendered":"\n<p>Federa\u021bia Patronatelor din Turismul Rom\u00e2nesc (FPTR) a anun\u021bat c\u0103 edi\u021bia de toamn\u0103 a programului \u201eLitoralul pentru to\u021bi&#8221; a debutat cu rezultate remarcabile. \u00cenc\u0103 din prima zi, aproape toate locurile puse la dispozi\u021bie de hotelurile \u00eenscrise \u00een program au fost ocupate. Cererea s-a dovedit at\u00e2t de mare, \u00eenc\u00e2t au fost epuizate \u0219i locurile la trenurile cu destina\u021bia litoralului, ceea ce demonstreaz\u0103 atractivitatea programului \u0219i dorin\u021ba rom\u00e2nilor de a-\u0219i petrece vacan\u021bele pe litoralul rom\u00e2nesc chiar \u0219i \u00een extrasezon, mai spun cei de la FPTR.<\/p>\n\n\n\n<p>Condi\u021biile de vacan\u021b\u0103 sunt excelente: vremea este frumoas\u0103, sta\u021biunile sunt animate, terasele \u0219i spa\u021biile de agrement sunt deschise, iar hotelurile din program \u00ee\u0219i continu\u0103 activitatea \u00een cele mai bune condi\u021bii. Doar un num\u0103r foarte mic de hoteluri \u0219i-au \u00eencheiat activitatea pentru sezon, \u00eens\u0103 niciunul dintre cele participante la programul \u201eLitoralul pentru to\u021bi&#8221;.<\/p>\n\n\n\n<p>Pentru edi\u021bia din septembrie 2025, 64 de unit\u0103\u021bi de cazare sunt \u00een program, pun\u00e2nd la dispozi\u021bia turi\u0219tilor aproximativ 3.500 de locuri de cazare pe noapte.<\/p>\n\n\n\n<p>Tarifele programului \u201eLitoralul pentru to\u021bi&#8221;<\/p>\n\n\n\n<p>Din analiza ofertelor lansate reiese clar accesibilitatea programului, care acoper\u0103 o gam\u0103 variat\u0103 de bugete \u0219i preferin\u021be:<\/p>\n\n\n\n<pre class=\"wp-block-code\"><code>Eforie Nord: de la 53 lei\/noapte\/persoan\u0103 (f\u0103r\u0103 mas\u0103, hotel 2*) p\u00e2n\u0103 la 214 lei (all inclusive, hotel 3*);\nEforie Sud: de la 81,5 lei (f\u0103r\u0103 mas\u0103, hotel 3*) p\u00e2n\u0103 la 336,5 lei (all inclusive, hotel 3*);\nJupiter: de la 70 lei (cu mic dejun, hotel 3*) p\u00e2n\u0103 la 276 lei (all inclusive, hotel 3*);\nVenus: de la 70 lei (f\u0103r\u0103 mas\u0103, hotel 3*);\nSaturn: de la 94,5 lei (f\u0103r\u0103 mas\u0103, hotel 2*) p\u00e2n\u0103 la 214 lei (all inclusive, hotel 3*);\nMangalia: de la 101 lei (f\u0103r\u0103 mas\u0103, hotel 3*);\nMamaia: de la 69,5 lei (f\u0103r\u0103 mas\u0103, hotel 2*) p\u00e2n\u0103 la 332 lei (all inclusive, hotel 3*);\nCostine\u0219ti: de la 88 lei (f\u0103r\u0103 mas\u0103, hotel 3*);\nVama Veche: de la 79 lei (f\u0103r\u0103 mas\u0103, hotel 3*).<\/code><\/pre>\n\n\n\n<p>Tarifele variaz\u0103 \u00een func\u021bie de serviciile de mas\u0103 \u0219i de clasificarea unit\u0103\u021bii de cazare, dar r\u0103m\u00e2n cu mult sub nivelul celor practicate \u00een sezonul de v\u00e2rf, ceea ce confirm\u0103 misiunea programului de a face litoralul accesibil pentru c\u00e2t mai mul\u021bi rom\u00e2ni.<\/p>\n\n\n\n<p>\u00cenceperea noului an \u0219colar va aduce, \u00een mod firesc, o sc\u0103dere a num\u0103rului de turi\u0219ti, \u00eens\u0103 unit\u0103\u021bile hoteliere r\u0103m\u00e2n deschise pentru cei care nu depind de acest calendar \u0219i care pot profita de tarifele speciale disponibile p\u00e2n\u0103 la finalul programului.<\/p>\n\n\n\n<p>\u00cen aceast\u0103 perioad\u0103, programul este o oportunitate ideal\u0103 pentru turi\u0219tii care doresc s\u0103 se bucure \u0219i toamna de lini\u0219tea \u0219i frumuse\u021bea litoralului rom\u00e2nesc, iar FPTR \u00eei invit\u0103 s\u0103 descopere c\u0103 litoralul rom\u00e2nesc este o destina\u021bie atractiv\u0103, accesibil\u0103 \u0219i plin\u0103 de via\u021b\u0103 \u0219i \u00een extrasezon, prin programul \u00abLitoralul pentru to\u021bi\u00bb.<\/p>\n\n\n\n<p>Rezerv\u0103rile se pot face direct la hoteluri sau prin agen\u021biile partenere, iar plata se poate face inclusiv cu vouchere de vacan\u021b\u0103. Lista unit\u0103\u021bilor participante va fi publicat\u0103 pe site-ul oficial FPTR: www.fptr.ro.<\/p>\n\n\n\n<p>F.P.T.R., membr\u0103 a Confedera\u021biei Patronale C.A.I.R., a fost \u00eenfiin\u021bat\u0103 \u00een 1992 \u0219i este reprezentativ\u0103 din 2006 pentru sectorul turism, hoteluri \u0219i restaurante. Reune\u0219te 3.286 de angajatori cu 59.255 de salaria\u021bi, reprezent\u00e2nd 34% din for\u021ba de munc\u0103 din domeniu, majoritar cu capital autohton.<\/p>\n","protected":false},"excerpt":{"rendered":"<p>Federa\u021bia Patronatelor din Turismul Rom\u00e2nesc (FPTR) a anun\u021bat c\u0103 edi\u021bia de toamn\u0103 a programului \u201eLitoralul pentru to\u021bi&#8221; a debutat cu rezultate remarcabile. \u00cenc\u0103 din prima zi, aproape toate locurile puse la dispozi\u021bie de hotelurile \u00eenscrise \u00een program au fost ocupate. Cererea s-a dovedit at\u00e2t de mare, \u00eenc\u00e2t au fost epuizate [&hellip;]<\/p>\n","protected":false},"author":1,"featured_media":1561,"comment_status":"closed","ping_status":"closed","sticky":false,"template":"","format":"standard","meta":[],"categories":[2,5,4],"tags":[],"_links":{"self":[{"href":"https:\/\/oraexacta.net\/blog\/wp-json\/wp\/v2\/posts\/1560"}],"collection":[{"href":"https:\/\/oraexacta.net\/blog\/wp-json\/wp\/v2\/posts"}],"about":[{"href":"https:\/\/oraexacta.net\/blog\/wp-json\/wp\/v2\/types\/post"}],"author":[{"embeddable":true,"href":"https:\/\/oraexacta.net\/blog\/wp-json\/wp\/v2\/users\/1"}],"replies":[{"embeddable":true,"href":"https:\/\/oraexacta.net\/blog\/wp-json\/wp\/v2\/comments?post=1560"}],"version-history":[{"count":1,"href":"https:\/\/oraexacta.net\/blog\/wp-json\/wp\/v2\/posts\/1560\/revisions"}],"predecessor-version":[{"id":1562,"href":"https:\/\/oraexacta.net\/blog\/wp-json\/wp\/v2\/posts\/1560\/revisions\/1562"}],"wp:featuredmedia":[{"embeddable":true,"href":"https:\/\/oraexacta.net\/blog\/wp-json\/wp\/v2\/media\/1561"}],"wp:attachment":[{"href":"https:\/\/oraexacta.net\/blog\/wp-json\/wp\/v2\/media?parent=1560"}],"wp:term":[{"taxonomy":"category","embeddable":true,"href":"https:\/\/oraexacta.net\/blog\/wp-json\/wp\/v2\/categories?post=1560"},{"taxonomy":"post_tag","embeddable":true,"href":"https:\/\/oraexacta.net\/blog\/wp-json\/wp\/v2\/tags?post=1560"}],"curies":[{"name":"wp","href":"https:\/\/api.w.org\/{rel}","templated":true}]}}