{"id":1591,"date":"2025-09-06T17:38:37","date_gmt":"2025-09-06T17:38:37","guid":{"rendered":"https:\/\/oraexacta.net\/blog\/?p=1591"},"modified":"2025-09-06T17:38:39","modified_gmt":"2025-09-06T17:38:39","slug":"10-ani-de-cand-profi-a-adus-retailul-modern-in-mediul-rural-din-romania","status":"publish","type":"post","link":"https:\/\/oraexacta.net\/blog\/2025\/09\/06\/10-ani-de-cand-profi-a-adus-retailul-modern-in-mediul-rural-din-romania\/","title":{"rendered":"10 ani de cand Profi a adus retailul modern in mediul rural din Rom\u00e2nia"},"content":{"rendered":"\n<p>\u00cen 2015, Profi a f\u0103cut un pas curajos, deschiz\u00e2nd primele magazine Profi LOCO \u00een zone rurale, acolo unde nimeni altcineva nu \u00eendr\u0103znise s\u0103 aduc\u0103 retailul modern \u00eentr-un un format dedicat unor astfel de zone. Atunci, mul\u021bi se \u00eendoiau c\u0103 un supermarket ar putea func\u021biona \u00eentr-un sat, dar Profi a crezut \u00een oamenii de la \u021bar\u0103 \u0219i a investit \u00een viitorul lor. Intre timp, acest format a evoluat constant, devenind sinonim cu comer\u021bul modern conectat la realit\u0103\u021bile satului rom\u00e2nesc \u0219i ale zonelor extraurbane \u00een general.<\/p>\n\n\n\n<p>\u201ePrin c\u00e2teva magazine experimentale am testat \u00eendelung acest concept p\u00e2n\u0103 c\u00e2nd am reu\u0219it s\u0103 identific\u0103m cel mai potrivit format de comer\u021b care s\u0103 contribuie la \u00eembun\u0103t\u0103\u021birea vie\u021bii localnicilor de la sat&#8221; \u00ee\u0219i aminte\u0219te C\u0103lin Costina\u0219, director general adjunct Profi. &#8222;A\u0219a a luat na\u0219tere formatul LOCO \u0219i, odat\u0103 ce am acumulat certitudinile necesare, am pornit \u00een for\u021b\u0103&#8221;.<\/p>\n\n\n\n<p>Primele 11 unit\u0103\u021bi Profi LOCO au fost inaugurate \u00een Panticeu \u0219i Aghire\u0219u Fabrici (jude\u021bul Cluj), Matca (Gala\u021bi), Odobe\u0219ti (Vrancea), B\u0103lan (Harghita), \u021ainca (Bihor), Segarcea (Dolj), Miercurea Nirajului (Mure\u0219), Lovrin \u0219i G\u0103taia (Timi\u0219) \u0219i Anina (Cara\u0219 Severin).<\/p>\n\n\n\n<p>Noile magazine ofereau un sortiment adaptat specificului rural \u2013 aproximativ 2.500 de produse, incluz\u00e2nd unelte, articole de gr\u0103din\u0103, menaj, textile \u0219i sticl\u0103rie, dar cu o selec\u021bie mai redus\u0103 de lactate, legume \u0219i fructe \u2013 produse pe care \u00een mod tradi\u021bional localnicii \u0219i le procur\u0103 din propriile lor gospod\u0103rii. De atunci, gama de produse a fost permanent adaptat\u0103 la nevoile reale ale localnicilor.<\/p>\n\n\n\n<p>&#8222;Zece ani de Profi LOCO \u00eenseamn\u0103 zece ani de curaj \u0219i \u00eencredere \u00een poten\u021bialul rural al Rom\u00e2niei,&#8221; afirma Sergiu Sgarbur\u0103, Director Operational Format &#8211; LOCO. Ast\u0103zi, Profi LOCO este prezent \u00een peste 640 de comunit\u0103\u021bi, oferind locuri de munc\u0103 stabile, acces la produse esen\u021biale la pre\u021buri corecte \u0219i oportunit\u0103\u021bi de dezvoltare profesional\u0103 pentru mii de oameni. Am reu\u0219it s\u0103 schimb\u0103m modul \u00een care se face comer\u021bul \u00een mediul rural, oferind nu doar produse, ci \u0219i o leg\u0103tur\u0103 real\u0103 cu comunit\u0103\u021bile noastre. Impactul nostru se m\u0103soar\u0103 \u00een z\u00e2mbetele clien\u021bilor \u0219i \u00een pove\u0219tile de succes ale angaja\u021bilor care au crescut al\u0103turi de Profi. Profi LOCO nu doar c\u0103 a adus modernizarea \u00een sat, dar a devenit o parte integrant\u0103 din via\u021ba cotidian\u0103 a localnicilor. Privim cu \u00eencredere c\u0103tre viitor, con\u0219tien\u021bi c\u0103 fiecare pas pe care \u00eel facem aduce mai aproape Rom\u00e2nia rural\u0103 de modernitate, f\u0103r\u0103 a renun\u021ba la valorile sale autentice.&#8221;<\/p>\n\n\n\n<p>\u00cenceputul nu a fost u\u0219or. Unii dintre colegii de la acea vreme \u00eenc\u0103 \u00ee\u0219i mai amintesc momente ca acela c\u00e2nd, afl\u00e2nd c\u0103 la Profi se fac angajari, \u00eenainte de a ajunge \u00een sala de interviu, un s\u0103tean \u0219i-a legat vaca de gard, l\u00e2ng\u0103 intrare.<\/p>\n\n\n\n<p>Dincolo de stabilitatea pe care o ofer\u0103, aceste magazine incurajeaz\u0103 evolu\u021bia profesional\u0103. Cristina Bota, din Tur\u021b, \u00ee\u0219i c\u00e2\u0219tiga frumos existen\u021ba cre\u00e2nd modele de broderii cu m\u0103rgele pentru portul popular din zon\u0103 \u00eenainte de a se angaja la Profi chiar \u00een acel an, 2015. &#8222;Prima functie pe care am avut-o a fost de casier, func\u021bie care o \u00eendr\u0103gesc \u0219i \u00een momentul de fa\u021b\u0103 deoarece \u00eemi place s\u0103 socializez cu clien\u021bii, s\u0103 le ofer promo\u021biile magazinului \u0219i toate avantajele pe care le au dac\u0103 aleg s\u0103 fie clien\u021bii no\u0219tri.&#8221; De atunci, ea a evoluat ca \u0219ef\u0103 de tur\u0103, apoi \u0219ef\u0103 de magazin, iar de anul trecut a devenit Partener Profi, conduc\u00e2ndu-\u0219i practic propriul magazin \u0219i echipa pe care \u0219i-a format-o \u00een timp, echip\u0103 de care este foarte m\u00e2ndr\u0103 \u0219i ata\u0219at\u0103 (foto). Iar exemplul s\u0103u nu este nici pe departe singular.<\/p>\n\n\n\n<p>Pentru cump\u0103r\u0103turi acum localnicii nu mai trebuie s\u0103 mearg\u0103 la ora\u0219, iar ce \u00eenseamn\u0103 Profi LOCO ne spun chiar ei. &#8222;Numele meu este PASCA IOAN \u0219i sunt locuitor al Comunei TUR\u021a. P\u0103rerea mea despre magazinul PROFI care s-a deschis \u00een comuna noastr\u0103 este una foarte bun\u0103, mai ales c\u0103 este primul Supermarket deschis la noi. Ne place c\u0103 este un magazin mare, aerisit, \u00een care g\u0103sim o mare parte din produsele de care noi avem nevoie; este un magazin frumos, curat \u0219i cu un personal foarte amabil cu to\u021bi clientii, plus c\u0103 au promo\u021bii foarte bune. Este un avantaj foarte mare pentru noi locuitorii, c\u0103 \u00eel avem aproape.&#8221;<\/p>\n\n\n\n<p>\u00cen prezent, Profi nu mai este doar o re\u021bea de magazine, este un actor social activ \u00een comunit\u0103\u021bile rurale. Formatul LOCO contribuie constant la apropierea serviciilor moderne de consum de locurile \u00een care se tr\u0103ie\u0219te poate mai simplu, dar cu multe valori autentice. Aniversarea a 10 ani de Profi LOCO este, \u00een primul r\u00e2nd, o celebrare a oamenilor, a clien\u021bilor \u0219i a angaja\u021bilor f\u0103r\u0103 de care aceast\u0103 poveste nu ar fi fost at\u00e2t de autentic\u0103 \u0219i durabil\u0103.<\/p>\n\n\n\n<p>Prin num\u0103rul angaja\u021bilor celor mai bine de 1.700 de magazine proprii \u0219i partenere din peste 890 de localit\u0103\u021bi urbane \u0219i rurale, Profi, parte din grupul Ahold Delhaize, este \u00een topul angajatorilor priva\u021bi din Rom\u00e2nia. PROFI SUPER, PROFI GO \u0219i PROFI LOCO, formatele de magazin ale re\u021belei, au o gam\u0103 de 5.000 de produse apreciate de cei peste 1,6 milioane de clien\u021bi care zilnic \u00ee\u0219i fac aici cump\u0103r\u0103turile. Mai bine de 94% dintre aceste produse provin de la parteneri din Rom\u00e2nia.<\/p>\n","protected":false},"excerpt":{"rendered":"<p>\u00cen 2015, Profi a f\u0103cut un pas curajos, deschiz\u00e2nd primele magazine Profi LOCO \u00een zone rurale, acolo unde nimeni altcineva nu \u00eendr\u0103znise s\u0103 aduc\u0103 retailul modern \u00eentr-un un format dedicat unor astfel de zone. Atunci, mul\u021bi se \u00eendoiau c\u0103 un supermarket ar putea func\u021biona \u00eentr-un sat, dar Profi a crezut [&hellip;]<\/p>\n","protected":false},"author":1,"featured_media":1592,"comment_status":"closed","ping_status":"closed","sticky":false,"template":"","format":"standard","meta":[],"categories":[3,2],"tags":[],"_links":{"self":[{"href":"https:\/\/oraexacta.net\/blog\/wp-json\/wp\/v2\/posts\/1591"}],"collection":[{"href":"https:\/\/oraexacta.net\/blog\/wp-json\/wp\/v2\/posts"}],"about":[{"href":"https:\/\/oraexacta.net\/blog\/wp-json\/wp\/v2\/types\/post"}],"author":[{"embeddable":true,"href":"https:\/\/oraexacta.net\/blog\/wp-json\/wp\/v2\/users\/1"}],"replies":[{"embeddable":true,"href":"https:\/\/oraexacta.net\/blog\/wp-json\/wp\/v2\/comments?post=1591"}],"version-history":[{"count":1,"href":"https:\/\/oraexacta.net\/blog\/wp-json\/wp\/v2\/posts\/1591\/revisions"}],"predecessor-version":[{"id":1593,"href":"https:\/\/oraexacta.net\/blog\/wp-json\/wp\/v2\/posts\/1591\/revisions\/1593"}],"wp:featuredmedia":[{"embeddable":true,"href":"https:\/\/oraexacta.net\/blog\/wp-json\/wp\/v2\/media\/1592"}],"wp:attachment":[{"href":"https:\/\/oraexacta.net\/blog\/wp-json\/wp\/v2\/media?parent=1591"}],"wp:term":[{"taxonomy":"category","embeddable":true,"href":"https:\/\/oraexacta.net\/blog\/wp-json\/wp\/v2\/categories?post=1591"},{"taxonomy":"post_tag","embeddable":true,"href":"https:\/\/oraexacta.net\/blog\/wp-json\/wp\/v2\/tags?post=1591"}],"curies":[{"name":"wp","href":"https:\/\/api.w.org\/{rel}","templated":true}]}}