{"id":1597,"date":"2025-09-06T17:51:39","date_gmt":"2025-09-06T17:51:39","guid":{"rendered":"https:\/\/oraexacta.net\/blog\/?p=1597"},"modified":"2025-09-06T17:51:41","modified_gmt":"2025-09-06T17:51:41","slug":"cel-mai-mare-producator-autohton-de-pavele-si-borduri-vibropresate-are-un-nou-ceo","status":"publish","type":"post","link":"https:\/\/oraexacta.net\/blog\/2025\/09\/06\/cel-mai-mare-producator-autohton-de-pavele-si-borduri-vibropresate-are-un-nou-ceo\/","title":{"rendered":"Cel mai mare produc\u0103tor autohton de pavele \u0219i borduri vibropresate are un nou CEO"},"content":{"rendered":"\n<p>Symmetrica, liderul pie\u021bei locale de pavele \u0219i borduri vibropresate \u0219i cel mai mare produc\u0103tor autohton, cu o cifr\u0103 de afaceri de peste 316 milioane de lei (63,5 milioane de euro) anun\u021b\u0103 o nou\u0103 etap\u0103 \u00een parcursul s\u0103u de dezvoltare prin numirea lui Liviu Stoleru \u00een func\u021bia de Chief Executive Officer (CEO).<\/p>\n\n\n\n<p>Cu o experien\u021b\u0103 de peste 27 de ani \u00een management, dintre care 23 dedica\u021bi industriei materialelor de construc\u021bii, Liviu Stoleru aduce o experien\u021b\u0103 semnificativ\u0103 \u00een proiecte de succes ale industriei \u0219i se al\u0103tur\u0103 Symmetrica cu o misiune clar\u0103: consolidarea companiei prin transformare, dezvoltare \u0219i implementarea unor sisteme performante de lucru. \u00cen plus, acesta \u0219i-a propus \u00eent\u0103rirea culturii organiza\u021bionale prin roluri \u0219i responsabilit\u0103\u021bi clare \u0219i formarea unei echipe puternice \u0219i motivate.<\/p>\n\n\n\n<p>\u201eCred cu t\u0103rie \u00een misiunea de a revitaliza industria rom\u00e2neasc\u0103 prin competen\u021b\u0103 tehnic\u0103 \u0219i managerial\u0103, implementarea conceptului de g\u00e2ndire strategic\u0103 \u0219i leadership, prin echipe solide care s\u0103 construiasc\u0103 companii sustenabile, lideri de pia\u021b\u0103. Symmetrica are toate premisele pentru a continua aceast\u0103 poveste de succes, iar inten\u021bia mea este s\u0103 invit al\u0103turi de noi acei profesioni\u0219ti care \u00ee\u0219i doresc s\u0103 participe la un astfel de proiect ambi\u021bios\u201d, a declarat Liviu Stoleru, CEO Symmetrica.<\/p>\n\n\n\n<p>\u00cen prezent, Symmetrica se afl\u0103 \u00eentr-un moment important al evolu\u021biei sale. Compania, un business de familie cu peste 30 de ani de activitate \u0219i 10 fabrici \u00een Rom\u00e2nia, a derulat \u00een ultimii ani investi\u021bii semnificative ce dep\u0103\u0219esc 135 de milioane de euro. Printre acestea se num\u0103r\u0103 \u0219i dezvoltarea celei mai mari fabrici de pavele \u0219i dale din Sud-Estul Europei, inaugurat\u0103 la Bolintin Vale, dar \u0219i un program amplu de eficientizare energetic\u0103 prin investi\u021bii \u00een 12 parcuri fotovoltaice dedicate unit\u0103\u021bilor proprii de produc\u021bie.<\/p>\n\n\n\n<p>\u201eDe 30 de ani construim proiecte sustenabile, cu produse care trec testul timpului, \u0219i leg\u0103turi care dureaz\u0103. Parcursul Symmetrica a fost unul de cre\u0219tere constant\u0103, bazat pe investi\u021bii curajoase. Prin venirea lui Liviu Stoleru \u0219i construc\u021bia unei echipe puternice, avem \u00eencrederea c\u0103 intr\u0103m \u00eentr-o nou\u0103 etap\u0103, \u00een care vom consolida ceea ce am construit \u0219i vom deschide noi direc\u021bii de dezvoltare\u201d, a declarat Florin Stanciu, proprietar \u0219i co-fondator Symmetrica.<\/p>\n\n\n\n<p>Urm\u0103toarea etap\u0103 pentru Symmetrica vizeaz\u0103 valorificarea investi\u021biilor derulate, cre\u0219terea eficien\u021bei business-ului \u0219i preg\u0103tirea pentru o nou\u0103 faz\u0103 de expansiune pe pia\u021ba regional\u0103.<\/p>\n\n\n\n<p>Symmetrica este o companie 100% rom\u00e2neasc\u0103, produc\u0103toare de pavele, borduri \u015fi rigole vibropresate pietonale \u015fi carosabile, \u00eentr-o gam\u0103 variat\u0103 de forme \u015fi culori.<\/p>\n\n\n\n<p>Prima fabric\u0103 Symmetrica a fost inaugurat\u0103 \u00een 1999 la Vere\u015fti, jude\u0163ul Suceava, urmat\u0103 apoi de unit\u0103\u0163ile de produc\u0163ie de la Podu Iloaiei, jude\u0163ul Ia\u015fi (2010), \u015fi Bolintin Vale, \u00een apropiere de Bucure\u015fti (2011), Prejmer \u2013 Bra\u015fov (2012), Cociu \u2013 Bistri\u0163a-N\u0103s\u0103ud (2012), M\u0103r\u0103\u0219e\u0219ti \u2013 Vrancea (2018), Zimandu Nou \u2013 Arad (2021), Solca \u2013 Suceava (2022), Ovidiu \u2013 Constan\u021ba (2023), Bolintin Vale (2025).<\/p>\n\n\n\n<p>Principalele proiecte pentru care Symmetrica a livrat pavele \u015fi borduri se num\u0103r\u0103 Arena Na\u0163ional\u0103, magazine Kaufland, Carrefour, Lidl, Penny Market, autostrada T\u00e2rgu Mure\u0219-Oradea, stadionul Steaua, cartiere reziden\u021biale, \u0219.a. De asemenea, produsele companiei au fost folosite pentru reabilitarea de str\u0103zi, trotuare \u015fi parcuri ecologice \u00een Bucure\u0219ti, Ia\u0219i, Bac\u0103u, Bra\u0219ov, T\u00e2rgu Mure\u0219, etc.<\/p>\n","protected":false},"excerpt":{"rendered":"<p>Symmetrica, liderul pie\u021bei locale de pavele \u0219i borduri vibropresate \u0219i cel mai mare produc\u0103tor autohton, cu o cifr\u0103 de afaceri de peste 316 milioane de lei (63,5 milioane de euro) anun\u021b\u0103 o nou\u0103 etap\u0103 \u00een parcursul s\u0103u de dezvoltare prin numirea lui Liviu Stoleru \u00een func\u021bia de Chief Executive Officer [&hellip;]<\/p>\n","protected":false},"author":1,"featured_media":1102,"comment_status":"closed","ping_status":"closed","sticky":false,"template":"","format":"standard","meta":[],"categories":[3,2],"tags":[],"_links":{"self":[{"href":"https:\/\/oraexacta.net\/blog\/wp-json\/wp\/v2\/posts\/1597"}],"collection":[{"href":"https:\/\/oraexacta.net\/blog\/wp-json\/wp\/v2\/posts"}],"about":[{"href":"https:\/\/oraexacta.net\/blog\/wp-json\/wp\/v2\/types\/post"}],"author":[{"embeddable":true,"href":"https:\/\/oraexacta.net\/blog\/wp-json\/wp\/v2\/users\/1"}],"replies":[{"embeddable":true,"href":"https:\/\/oraexacta.net\/blog\/wp-json\/wp\/v2\/comments?post=1597"}],"version-history":[{"count":1,"href":"https:\/\/oraexacta.net\/blog\/wp-json\/wp\/v2\/posts\/1597\/revisions"}],"predecessor-version":[{"id":1598,"href":"https:\/\/oraexacta.net\/blog\/wp-json\/wp\/v2\/posts\/1597\/revisions\/1598"}],"wp:featuredmedia":[{"embeddable":true,"href":"https:\/\/oraexacta.net\/blog\/wp-json\/wp\/v2\/media\/1102"}],"wp:attachment":[{"href":"https:\/\/oraexacta.net\/blog\/wp-json\/wp\/v2\/media?parent=1597"}],"wp:term":[{"taxonomy":"category","embeddable":true,"href":"https:\/\/oraexacta.net\/blog\/wp-json\/wp\/v2\/categories?post=1597"},{"taxonomy":"post_tag","embeddable":true,"href":"https:\/\/oraexacta.net\/blog\/wp-json\/wp\/v2\/tags?post=1597"}],"curies":[{"name":"wp","href":"https:\/\/api.w.org\/{rel}","templated":true}]}}