{"id":1608,"date":"2025-09-07T13:06:30","date_gmt":"2025-09-07T13:06:30","guid":{"rendered":"https:\/\/oraexacta.net\/blog\/?p=1608"},"modified":"2025-09-07T13:06:32","modified_gmt":"2025-09-07T13:06:32","slug":"compania-aeriana-privata-100-romaneasca-dan-air-introduce-zboruri-bucuresti-aleppo-bucuresti","status":"publish","type":"post","link":"https:\/\/oraexacta.net\/blog\/2025\/09\/07\/compania-aeriana-privata-100-romaneasca-dan-air-introduce-zboruri-bucuresti-aleppo-bucuresti\/","title":{"rendered":"Compania aerian\u0103 privat\u0103 100% rom\u00e2neasc\u0103 Dan Air introduce zboruri Bucure\u0219ti &#8211; Aleppo &#8211; Bucure\u0219ti"},"content":{"rendered":"\n<p>Din 25 septembrie 2025, DAN AIR, compania aerian\u0103 privat\u0103 100% rom\u00e2neasc\u0103, \u00eencepe efectuarea de zboruri regulate c\u0103tre un nou ora\u0219 din Siria &#8211; Aleppo. Operatorul aerian \u00ee\u0219i extinde astfel opera\u021biunile \u00een \u021bara din Orientul Mijlociu, care au debutat odat\u0103 cu inaugurarea rutei Bucure\u0219ti &#8211; Damasc &#8211; Bucure\u0219ti pe data de 15 iunie. DAN AIR este prima companie din Uniunea European\u0103 care opereaz\u0103 zboruri directe \u00eentre Siria \u0219i Europa. Biletele pentru aceast\u0103 nou\u0103 rut\u0103 au fost deja puse \u00een v\u00e2nzare pe website-ul companiei.<\/p>\n\n\n\n<p>Bucure\u0219ti &#8211; Aleppo &#8211; Bucure\u0219ti, de dou\u0103 ori pe s\u0103pt\u0103m\u00e2n\u0103<\/p>\n\n\n\n<p>Aceast\u0103 dezvoltare strategic\u0103 a fost posibil\u0103 \u00een baza acordurilor bilaterale dintre Rom\u00e2nia \u0219i Siria \u0219i a desemn\u0103rii oficiale primite de compania aerian\u0103 100% rom\u00e2neasc\u0103, DAN AIR, de la Ministerul Transporturilor la sf\u00e2r\u0219itul lunii iulie \u0219i aprobat\u0103 de autorit\u0103\u021bile siriene la sf\u00e2r\u0219itul lunii august. Zborurile Bucure\u0219ti &#8211; Aleppo &#8211; Bucure\u0219ti vor avea loc s\u0103pt\u0103m\u00e2nal \u00een zilele de joi \u0219i duminic\u0103. Zborurile vor fi operate cu o aeronav\u0103 Airbus A319 cu 144 de locuri.<\/p>\n\n\n\n<p>\u201eDecizia de a extinde opera\u021biunile DAN AIR \u0219i c\u0103tre Aleppo porne\u0219te din aceea\u0219i convingere ferm\u0103: avia\u021bia trebuie s\u0103 conecteze, nu s\u0103 izoleze. Dup\u0103 lansarea zborurilor c\u0103tre Damasc, foarte mul\u021bi pasageri ne-au solicitat aceast\u0103 rut\u0103, ceea ce arat\u0103 clar c\u0103 nevoia de transport \u0219i de conexiune \u00een aceast\u0103 regiune este vital\u0103. Siria are nevoie de reconectare cu lumea, iar fiecare rut\u0103 deschis\u0103 \u00eenseamn\u0103 o punte pentru oameni, pentru afaceri \u0219i pentru procesul de reconstruc\u021bie. \u00cenc\u0103 de la \u00eenfiin\u021bare misiunea noastr\u0103 a fost s\u0103 fim aproape de oameni acolo unde conteaz\u0103 pentru ei.<\/p>\n\n\n\n<p>Ne onoreaz\u0103 \u00eencrederea pe care partenerii no\u0219tri o au \u00een DAN AIR \u0219i faptul c\u0103 putem oferi aceste servicii \u00een deplin\u0103 siguran\u021b\u0103, cu proceduri riguroase \u0219i standarde aliniate celor interna\u021bionale. \u00centr-un context adesea marcat de incertitudine \u0219i prejudec\u0103\u021bi, alegem s\u0103 r\u0103spundem prin fapte: prin mobilitate, prin responsabilitate \u0219i prin respect fa\u021b\u0103 de comunit\u0103\u021bile pe care le deservim.\u201d, a declarat Matt Ian DAVID, CEO al companiei aeriene DAN AIR.<\/p>\n\n\n\n<p>Peste 11.000 de pasageri sirieni au fost transporta\u021bi pe ruta Bucure\u0219ti &#8211; Damasc &#8211; Bucure\u0219ti<\/p>\n\n\n\n<p>Opera\u021biunile companiei private DAN AIR \u00een Siria au \u00eenceput odat\u0103 cu lansarea rutei Bucure\u0219ti &#8211; Damasc &#8211; Bucure\u0219ti pe data de 15 iunie. De atunci p\u00e2n\u0103 \u00een prezent, compania a transportat peste 11.000 de pasageri. Majoritatea pasagerilor transporta\u021bi sunt cet\u0103\u021beni sirieni care \u0219i-au dorit reconectarea cu familiile lor \u0219i re\u00eentoarcerea \u00een \u021bar\u0103 dup\u0103 schimbarea regimului de la Damasc ce a avut loc la finalul anului 2024. 99% dintre zborurile efectuate au fost operate la timp, iar 1% au avut \u00eent\u00e2rzieri generate de \u00eenchiderea spa\u021biului aerian in Siria \u00een urma conflictului militar din Orientul Mijlociu dintre Israel \u0219i Iran.<\/p>\n\n\n\n<p>DAN AIR este o companie aerian\u0103 100% rom\u00e2neasc\u0103, fondat\u0103 \u00een 2017 de pilotul comandant Dan Iuhas, av\u00e2nd pe atunci denumirea de Just Us Air. A operat zboruri \u00een regim ACMI (Aircraft, Crew, Maintenance, Insurance) pentru diverse companii aeriene de renume interna\u021bional precum: Transavia, TUI, Arik, Sund Air, Air Moldova, Air Baltic, Air Serbia, TAROM, Wizz Air, Air C\u00f4te d\u2019Ivoire, Jazeera Airways \u0219i Animawings \u0219i Blue Bird.<\/p>\n\n\n\n<p>\u00cen prezent, DAN AIR opereaz\u0103 at\u00e2t zboruri regulate sub marc\u0103 proprie din Bucure\u0219ti \u0219i Bac\u0103u, c\u00e2t \u0219i zboruri \u00een regim ACMI pentru companii comerciale interna\u021bionale.<br>De la \u00eenfiin\u021bare \u0219i p\u00e2n\u0103 \u00een prezent, DAN AIR a transportat peste 4 milioane de pasageri (din zboruri regulate efectuate sub marc\u0103 proprie \u0219i zboruri efectuate \u00een regim ACMI sau charter pentru alte companii aeriene), av\u00e2nd un grad de ocupare mediu de 85%.<\/p>\n\n\n\n<p>\u00cen 2024, DAN AIR a devenit membru IATA (International Air Transport Association), cea mai prestigioas\u0103 organiza\u021bie global\u0103 din industria aviatic\u0103, \u0219i s-a aliniat celor mai \u00eenalte standarde de siguran\u021b\u0103, securitate, sustenabilitate \u0219i eficien\u021b\u0103 \u00een avia\u021bie.<\/p>\n","protected":false},"excerpt":{"rendered":"<p>Din 25 septembrie 2025, DAN AIR, compania aerian\u0103 privat\u0103 100% rom\u00e2neasc\u0103, \u00eencepe efectuarea de zboruri regulate c\u0103tre un nou ora\u0219 din Siria &#8211; Aleppo. Operatorul aerian \u00ee\u0219i extinde astfel opera\u021biunile \u00een \u021bara din Orientul Mijlociu, care au debutat odat\u0103 cu inaugurarea rutei Bucure\u0219ti &#8211; Damasc &#8211; Bucure\u0219ti pe data de [&hellip;]<\/p>\n","protected":false},"author":1,"featured_media":1609,"comment_status":"closed","ping_status":"closed","sticky":false,"template":"","format":"standard","meta":[],"categories":[5,4],"tags":[],"_links":{"self":[{"href":"https:\/\/oraexacta.net\/blog\/wp-json\/wp\/v2\/posts\/1608"}],"collection":[{"href":"https:\/\/oraexacta.net\/blog\/wp-json\/wp\/v2\/posts"}],"about":[{"href":"https:\/\/oraexacta.net\/blog\/wp-json\/wp\/v2\/types\/post"}],"author":[{"embeddable":true,"href":"https:\/\/oraexacta.net\/blog\/wp-json\/wp\/v2\/users\/1"}],"replies":[{"embeddable":true,"href":"https:\/\/oraexacta.net\/blog\/wp-json\/wp\/v2\/comments?post=1608"}],"version-history":[{"count":1,"href":"https:\/\/oraexacta.net\/blog\/wp-json\/wp\/v2\/posts\/1608\/revisions"}],"predecessor-version":[{"id":1610,"href":"https:\/\/oraexacta.net\/blog\/wp-json\/wp\/v2\/posts\/1608\/revisions\/1610"}],"wp:featuredmedia":[{"embeddable":true,"href":"https:\/\/oraexacta.net\/blog\/wp-json\/wp\/v2\/media\/1609"}],"wp:attachment":[{"href":"https:\/\/oraexacta.net\/blog\/wp-json\/wp\/v2\/media?parent=1608"}],"wp:term":[{"taxonomy":"category","embeddable":true,"href":"https:\/\/oraexacta.net\/blog\/wp-json\/wp\/v2\/categories?post=1608"},{"taxonomy":"post_tag","embeddable":true,"href":"https:\/\/oraexacta.net\/blog\/wp-json\/wp\/v2\/tags?post=1608"}],"curies":[{"name":"wp","href":"https:\/\/api.w.org\/{rel}","templated":true}]}}