{"id":161,"date":"2024-11-04T14:51:43","date_gmt":"2024-11-04T14:51:43","guid":{"rendered":"http:\/\/oraexacta.net\/blog\/?p=161"},"modified":"2024-11-04T14:51:44","modified_gmt":"2024-11-04T14:51:44","slug":"black-friday-2024-la-springfarma-reduceri-de-pana-la-70-la-mii-de-produse","status":"publish","type":"post","link":"https:\/\/oraexacta.net\/blog\/2024\/11\/04\/black-friday-2024-la-springfarma-reduceri-de-pana-la-70-la-mii-de-produse\/","title":{"rendered":"Black Friday 2024 la SpringFarma &#8211; reduceri de p\u00e2n\u0103 la 70% la mii de produse"},"content":{"rendered":"\n<p>Pentru al \u0219aselea an consecutiv, <strong>Farmacia Spring<\/strong> lanseaz\u0103 cel mai epic <strong>Black Friday<\/strong> din zona de e-commerce pharma. Reduceri la mii de\nproduse de p\u00e2n\u0103 la 70%, cadouri speciale la <strong>ORICE COMAND\u0102<\/strong> plasat\u0103 \u00een perioada <strong>08.11.2024 \u2013 17.11.2024<\/strong> \u0219i, nou \u00een acest an premii pe site \u00een fiecare zi,\npentru c\u0103 fiecare zi de shopping include o tombol\u0103 cu premii atractive pentru\ntoat\u0103 familia.<\/p>\n\n\n\n<p>Dar s\u0103 l\u0103s\u0103m ofertele s\u0103 vorbeasc\u0103 \u0219i v\u0103 l\u0103s\u0103m c\u00e2teva\nrepere ca s\u0103 \u0219ti\u021bi ce produse s\u0103 ad\u0103uga\u021bi \u00een co\u0219. Sta\u021bi cu ochii pe paginile\nnoastre de <a href=\"https:\/\/www.facebook.com\/Springfarma\">Facebook<\/a> \u0219i <a href=\"https:\/\/www.instagram.com\/springfarma\/\">Instagram<\/a> \u0219i nu uita\u021bi s\u0103 v\u0103\nabona\u021bi la newsletter ca s\u0103 afla\u021bi primii detaliile care v\u0103 intereseaz\u0103.<\/p>\n\n\n\n<p><strong>De ce s\u0103 spui DA la BLACK FRIDAY la Farmacia SPRING<\/strong><\/p>\n\n\n\n<p>\u0218tii\nc\u00e2t de important este zincul pentru imunitate \u00een sezonul rece? De Black Friday\n\u00ee\u021bi oferim de la Naturalis produsul <strong><em>Zinc 15 mg, 30 de comprimate<\/em><\/strong> la doar\n<strong>7,77 lei<\/strong> (reducere de 70%);<\/p>\n\n\n\n<p>Vrei s\u0103 ai o piele hidratat\u0103 \u0219i un ten mereu t\u00e2n\u0103r? De\nBlack Friday po\u021bi s\u0103 \u00ee\u021bi achiz\u021bionezi produsul <strong><em>Rilastil Aqua Intense 72h<\/em><\/strong>\ncu doar <strong>41,20\nlei <\/strong>(reducere de 45%);<\/p>\n\n\n\n<p>Te\nconfrun\u021bi \u0219i tu cu fenomenul de c\u0103dere al p\u0103rului? La\nspringfarma g\u0103se\u0219ti tratament <strong><em>Forcapil Anti-c\u0103derea p\u0103rului<\/em><\/strong> pentru\no lun\u0103 la doar <strong>27,45\nlei <\/strong>(reducere de 45%);<\/p>\n\n\n\n<p>Ai\nnevoie de un tonic, de un stimulent pentru efortul intelectual depus la\nfacultate sau la job? La springfarma g\u0103se\u0219ti\n<strong><em>Benesio\nTonico Forte<\/em><\/strong> la doar <strong>24,24 lei<\/strong> (reducere\nde 40%);<\/p>\n\n\n\n<p>Ai\nun ten predispus la acnee \u0219i ai nevoie de\nun produs special de cur\u0103\u021bare? Nicio problem\u0103, la springfarma g\u0103se\u0219ti de Black\nFriday produsul <strong><em>Spum\u0103\ncur\u0103\u021bare ten cu tendin\u021b\u0103 acneic\u0103<\/em><\/strong> din gama Rilastil\nAcnestil la doar <strong>34,40 lei<\/strong> (reducere de\n35%). Tot pentru tenul predispus la acnee po\u021bi achizi\u021biona DOU\u0102 creme <strong><em>Activ Anti-Imperfec\u021biuni <\/em><\/strong>din\naceea\u0219i gam\u0103 cu doar <strong>55,90 lei<\/strong>;<\/p>\n\n\n\n<p>Te\nsim\u021bi stresat, nu te po\u021bi concentra la munc\u0103 \u0219i ai tulbur\u0103ri\nde somn? Springfarma \u00ee\u021bi ofer\u0103 produsul StressClean complex 30 de capsule+10\ncapsule cadou la doar <strong>39,90 ron<\/strong>, pre\u021b special de Black Friday;<\/p>\n\n\n\n<p>Nu-i\na\u0219a c\u0103 \u0219i tu a\u0219tep\u021bi Black Friday de la <a href=\"https:\/\/www.springfarma.com\/blog\/category\/noutati-spring.html\">SpringFarma<\/a>?&nbsp;&nbsp;&nbsp;&nbsp;&nbsp;&nbsp;&nbsp;&nbsp;&nbsp; <\/p>\n\n\n\n<p><strong>Despre Farmacia Spring<\/strong><\/p>\n\n\n\n<p>Site-ul&nbsp;<a href=\"http:\/\/www.springfarma.com\/\" target=\"_blank\" rel=\"noreferrer noopener\"><strong>springfarma.com<\/strong><\/a><strong>&nbsp;<\/strong>a fost lansat \u00een 2016 \u0219i a schimbat\nparadigme \u00een zona de e-commerce. Spring a reu\u0219it s\u0103 redefineasc\u0103 conceptul de\nPre\u021b Mic \u00een zona magazinelor online cu profil farmaceutic. Datorit\u0103 succesului\ndin online \u0219i pentru a fi \u0219i mai aproape de clien\u021bi, \u00een ultimii ani au fost\ndeschise \u0219i farmacii fizice \u00een Bucure\u0219ti \u00een zone precum: Dristor, Baba Novac,\nLujerului, Ghencea, Tei, \u0218oseaua Alexandriei \u0219i Drumul Taberei.<\/p>\n\n\n\n<p>Site-ul\nare o cre\u0219tere organic\u0103 constant\u0103 datorit\u0103 unei game variate de produse precum:\nvitamine, suplimente, dermatocosmetice \u0219i produse pentru copii, atent\nselec\u021bionate&nbsp; de la cele mai cunoscute companii de profil.<\/p>\n\n\n\n<p>Spring\nFarma a c\u00e2\u0219tigat \u00een 2022 dou\u0103 premii importante care dovedesc profesionalismul\n\u0219i dedicarea oamenilor din spatele brandului pentru pacien\u021bi:&nbsp;<em><strong>Premiul\n&#8222;Sus\u021binerea Familiilor cu copii&#8221;&nbsp;<\/strong><\/em>\u0219i&nbsp;<em><strong>premiul\n&#8222;Good Life Pharmacy&#8221;,&nbsp;<\/strong><\/em>ambele oferite de publica\u021bia\nForbes \u00een cadrul evenimentului Forbes Good Life Awards.<\/p>\n","protected":false},"excerpt":{"rendered":"<p>Pentru al \u0219aselea an consecutiv, Farmacia Spring lanseaz\u0103 cel mai epic Black Friday din zona de e-commerce pharma. Reduceri la mii de produse de p\u00e2n\u0103 la 70%, cadouri speciale la ORICE COMAND\u0102 plasat\u0103 \u00een perioada 08.11.2024 \u2013 17.11.2024 \u0219i, nou \u00een acest an premii pe site \u00een fiecare zi, pentru [&hellip;]<\/p>\n","protected":false},"author":1,"featured_media":162,"comment_status":"closed","ping_status":"closed","sticky":false,"template":"","format":"standard","meta":[],"categories":[3,2,5],"tags":[],"_links":{"self":[{"href":"https:\/\/oraexacta.net\/blog\/wp-json\/wp\/v2\/posts\/161"}],"collection":[{"href":"https:\/\/oraexacta.net\/blog\/wp-json\/wp\/v2\/posts"}],"about":[{"href":"https:\/\/oraexacta.net\/blog\/wp-json\/wp\/v2\/types\/post"}],"author":[{"embeddable":true,"href":"https:\/\/oraexacta.net\/blog\/wp-json\/wp\/v2\/users\/1"}],"replies":[{"embeddable":true,"href":"https:\/\/oraexacta.net\/blog\/wp-json\/wp\/v2\/comments?post=161"}],"version-history":[{"count":1,"href":"https:\/\/oraexacta.net\/blog\/wp-json\/wp\/v2\/posts\/161\/revisions"}],"predecessor-version":[{"id":163,"href":"https:\/\/oraexacta.net\/blog\/wp-json\/wp\/v2\/posts\/161\/revisions\/163"}],"wp:featuredmedia":[{"embeddable":true,"href":"https:\/\/oraexacta.net\/blog\/wp-json\/wp\/v2\/media\/162"}],"wp:attachment":[{"href":"https:\/\/oraexacta.net\/blog\/wp-json\/wp\/v2\/media?parent=161"}],"wp:term":[{"taxonomy":"category","embeddable":true,"href":"https:\/\/oraexacta.net\/blog\/wp-json\/wp\/v2\/categories?post=161"},{"taxonomy":"post_tag","embeddable":true,"href":"https:\/\/oraexacta.net\/blog\/wp-json\/wp\/v2\/tags?post=161"}],"curies":[{"name":"wp","href":"https:\/\/api.w.org\/{rel}","templated":true}]}}