{"id":1776,"date":"2025-10-04T12:02:16","date_gmt":"2025-10-04T12:02:16","guid":{"rendered":"https:\/\/oraexacta.net\/blog\/?p=1776"},"modified":"2025-10-04T12:02:18","modified_gmt":"2025-10-04T12:02:18","slug":"stilouri-pelikan-dedicate-majestatii-sale-margareta-custodele-coroanei-romane","status":"publish","type":"post","link":"https:\/\/oraexacta.net\/blog\/2025\/10\/04\/stilouri-pelikan-dedicate-majestatii-sale-margareta-custodele-coroanei-romane\/","title":{"rendered":"Stilouri Pelikan dedicate Majest\u0103\u021bii Sale Margareta, Custodele Coroanei Rom\u00e2ne"},"content":{"rendered":"\n<p>Pelikan, brandul german de instrumente de scris, revine cu un nou capitol \u00een povestea obiectelor de colec\u021bie care transcend timpul: stiloul Majest\u0103\u021bii Sale Margareta, Custodele Coroanei Rom\u00e2ne, o edi\u021bie limitat\u0103 creat\u0103 \u00een colaborare cu Casa Regal\u0103 a Rom\u00e2niei.<\/p>\n\n\n\n<p>Herlitz Rom\u00e2nia continu\u0103 astfel demersul \u00eenceput \u00een 2019, c\u00e2nd a lansat \u00een premier\u0103 mondial\u0103 un stilou \u00een onoarea Regelui Mihai I al Rom\u00e2niei. Noua edi\u021bie este o pies\u0103 rar\u0103, cu un design special, simboluri atent alese \u0219i o execu\u021bie artizanal\u0103 dus\u0103 la perfec\u021biune.<\/p>\n\n\n\n<p>Lansarea oficial\u0103 a stiloului a avut loc \u00een 2 octombrie 2025, \u00een prezen\u021ba Majest\u0103\u021bii Sale Margareta Custodele Coroanei Rom\u00e2ne \u0219i a Alte\u021bei Sale Regale Principele Radu al Rom\u00e2niei, dezv\u0103luind publicului aceast\u0103 crea\u021bie ce \u00eembin\u0103 arta cu me\u0219te\u0219ugul des\u0103v\u00e2r\u0219it.<\/p>\n\n\n\n<p>\u201eMajestatea Sa Margareta este un simbol al continuit\u0103\u021bii Coroanei \u0219i al echilibrului \u00eentre tradi\u021bie \u0219i modernitate. Stiloul lansat ast\u0103zi este un obiect de colec\u021bie, dar \u0219i expresia respectului fa\u021b\u0103 de valorile care unesc genera\u021biile \u0219i dau stabilitate. Colaborarea cu Herlitz Rom\u00e2nia a fost una profund\u0103 \u0219i atent construit\u0103, pentru a reda c\u00e2t mai fidel spiritul Casei Regale. Ne bucur\u0103m c\u0103 aceast\u0103 edi\u021bie va duce mai departe, \u00een mod simbolic, misiunea Majest\u0103\u021bii Sale: aceea de a construi pun\u021bi \u00eentre trecut \u0219i viitor, \u00eentre oameni \u0219i valori, \u00eentre Rom\u00e2nia de ieri \u0219i Rom\u00e2nia de m\u00e2ine\u201d, a declarat Ion Tuc\u0103, Directorul Administra\u021biei Propriet\u0103\u021bilor Regale.<\/p>\n\n\n\n<p>Elegan\u021b\u0103 \u0219i simbolistic\u0103 regal\u0103 \u00eentr-un design des\u0103v\u00e2r\u0219it<\/p>\n\n\n\n<p>Creat \u00een Germania, \u00een fabrica Pelikan din V\u00f6hrum, acest stilou reflect\u0103 echilibrul perfect \u00eentre noble\u021bea tradi\u021biei \u0219i viziunea unui viitor responsabil. Corpul instrumentului, realizat din r\u0103\u0219in\u0103 de \u00eenalt\u0103 calitate \u0219i lustruit cu diamante naturale, cap\u0103t\u0103 \u00een timp o str\u0103lucire proprie, devenind tot mai valoros prin utilizare.<\/p>\n\n\n\n<p>Culoarea stiloului, un albastru regal luminos \u0219i rafinat, este pus\u0103 \u00een valoare de capacul \u00eentr-o nuan\u021b\u0103 mai profund\u0103, decorat cu accesorii placate cu aur de 24K. Contrastul sugereaz\u0103 armonia dintre clasic \u0219i modern.<\/p>\n\n\n\n<p>Acest stilou are o peni\u021b\u0103 din aur de 14k, decorat\u0103 cu rodiu, gravat\u0103 cu un filigran excep\u021bional \u0219i disponibil\u0103 \u00een m\u0103rimea M. Prev\u0103zut\u0103 cu v\u00e2rf din iridiu, aceasta promite o experien\u021b\u0103 de scris fluid\u0103, precis\u0103 \u0219i des\u0103v\u00e2r\u0219it\u0103 \u2013 expresia pur\u0103 a tradi\u021biei Pelikan \u00een arta scrisului.<\/p>\n\n\n\n<p>Un proiect regal creat \u00een colaborare direct\u0103 cu Majestatea Sa<\/p>\n\n\n\n<p>Majestatea Sa Margareta a fost implicat\u0103 activ \u00een procesul de design, valid\u00e2nd cromatica, simbolurile, motto-ul \u0219i identitatea vizual\u0103. Alegerea nuan\u021bei de albastru \u0219i decizia de a include sigiliul \u0219i deviza Coroanei reflect\u0103 un demers personal, autentic \u0219i plin de semnifica\u021bie.<\/p>\n\n\n\n<p>Proiectul a fost ini\u021biat \u00een urm\u0103 cu peste doi ani, iar vizita Alte\u021bei Sale Regale Principele Radu \u0219i a reprezentan\u021bilor Casei Regale la fabrica Pelikan din Germania, \u00een aprilie 2023, a marcat momentul de confirmare \u0219i consolidare a colabor\u0103rii. De atunci, echipa Herlitz Rom\u00e2nia, designerii Pelikan din Germania \u0219i Casa Regal\u0103 a Rom\u00e2niei au lucrat \u00eempreun\u0103 pentru a crea o pies\u0103 care s\u0103 transmit\u0103 o poveste despre continuitate, rafinament \u0219i for\u021b\u0103.<\/p>\n\n\n\n<p>Spre deosebire de edi\u021bia dedicat\u0103 Regelui Mihai, caracterizat\u0103 prin sobrietatea negrului \u0219i solemnitatea aurului, edi\u021bia Majest\u0103\u021bii Sale Margareta se distinge printr-o perspectiv\u0103 luminoas\u0103 asupra viitorului, cu un mesaj de echilibru, speran\u021b\u0103 \u0219i stabilitate.<\/p>\n\n\n\n<p>\u201eSuntem onora\u021bi s\u0103 contribuim la un dialog \u00eentre tradi\u021bie \u0219i modernitate, \u00eentre trecut \u0219i viitor. Stiloul Majest\u0103\u021bii Sale Margareta exprim\u0103 aceste valori prin rafinament, responsabilitate \u0219i continuitate. Este un proiect la care am lucrat cu respect \u0219i implicare deplin\u0103, fiecare detaliu fiind ales cu grij\u0103. Aceast\u0103 Edi\u021bie Regal\u0103 poart\u0103 \u00een sine o semnifica\u021bie aparte, fiind g\u00e2ndit\u0103 s\u0103 inspire, s\u0103 transmit\u0103 stabilitate \u0219i s\u0103 r\u0103m\u00e2n\u0103 ca reper al excelen\u021bei Pelikan \u0219i al respectului fa\u021b\u0103 de Casa Regal\u0103 a Rom\u00e2niei.\u201d, a declarat Hora\u021biu Nicolau, Director General Herlitz Rom\u00e2nia.<\/p>\n\n\n\n<p>Simboluri regale cu valoare atemporal\u0103<\/p>\n\n\n\n<p>Trei elemente distincte transform\u0103 acest stilou dintr-un instrument de scris \u00eentr-o pies\u0103 cu semnifica\u021bie profund\u0103. Deviza regal\u0103 \u201eNihil Sine Deo\u201d, gravat\u0103 pe inelul placat cu aur, evoc\u0103 credin\u021ba, continuitatea \u0219i for\u021ba valorilor spirituale \u0219i morale. Sigiliul Majest\u0103\u021bii Sale Margareta, \u00eencastrat \u00een corp \u0219i reprodus \u00een aur de 24K, certific\u0103 autenticitatea \u0219i subliniaz\u0103 caracterul oficial al edi\u021biei. Semn\u0103tura Majest\u0103\u021bii Sale, realizat\u0103 cu pulbere de aur, confer\u0103 fiec\u0103rui exemplar o valoare personal\u0103 \u0219i afectiv\u0103, transform\u00e2ndu-l \u00eentr-un obiect de colec\u021bie cu rezonan\u021b\u0103 unic\u0103.<\/p>\n\n\n\n<p>Colec\u021bia este limitat\u0103 la 700 de exemplare numerotate individual, de la 1\/700 (care apar\u021bine Majest\u0103\u021bii Sale) p\u00e2n\u0103 la 700\/700. Fiecare stilou este \u00eenso\u021bit de o c\u0103limar\u0103 de cerneal\u0103 Pelikan 4001\u00ae de culoare albastru regal, complet\u00e2nd o crea\u021bie cu valoare istoric\u0103 \u0219i simbolic\u0103.<\/p>\n\n\n\n<p>Exclusivitate, accesibilitate \u0219i impact cultural<\/p>\n\n\n\n<p>Realizat\u0103 \u00eentr-o serie limitat\u0103 la doar 700 de exemplare, aceast\u0103 edi\u021bie regal\u0103 transcende statutul unui obiect de colec\u021bie, afirm\u00e2ndu-\u0219i exclusivitatea \u0219i valoarea simbolic\u0103. Este expresia strategiei Herlitz Rom\u00e2nia de a investi \u00een produse cu semnifica\u021bie cultural\u0103, relevan\u021b\u0103 simbolic\u0103 \u0219i standarde premium de calitate. Aceast\u0103 lansare consolideaz\u0103 orientarea companiei c\u0103tre segmentul premium \u0219i \u00eent\u0103re\u0219te pozi\u021bia sa ca juc\u0103tor de referin\u021b\u0103 pe pia\u021ba local\u0103.<\/p>\n\n\n\n<p>Stilourile vor fi oferite spre v\u00e2nzare prin partenerii autoriza\u021bi ai Herlitz Rom\u00e2nia \u0219i pe platforma oficial\u0103 www.herlitz.ro, la pre\u021bul de 4.900 lei.<\/p>\n\n\n\n<p>Prezent\u0103 de peste 30 de ani pe pia\u021ba local\u0103, Herlitz Rom\u00e2nia este lider pe pia\u021ba de rechizite \u0219i un juc\u0103tor de referin\u021b\u0103 \u00een domeniul papet\u0103riei, cu un portofoliu extins \u0219i o echip\u0103 dedicat\u0103. Compania coordoneaz\u0103 trei branduri interna\u021bionale de prestigiu \u2013 Pelikan, Herlitz \u0219i Oxford \u2013 \u0219i acoper\u0103 nevoi diverse, de la educa\u021bionale la profesionale.<\/p>\n\n\n\n<p>Pe segmentul premium, compania se distinge \u0219i prin portofoliul Oxford, recunoscut pentru caietele \u0219i agendele fabricate cu h\u00e2rtia Optik de 90 g\/mp, considerat\u0103 cea mai bun\u0103 de pe pia\u021b\u0103 datorit\u0103 grosimii superioare, albului imaculat \u0219i calit\u0103\u021bii excep\u021bionale a scrisului.<\/p>\n\n\n\n<p>Din 2023, Herlitz Rom\u00e2nia face parte din grupul francez Hamelin, lider mondial \u00een industria papet\u0103riei, consolid\u00e2ndu-\u0219i direc\u021biile strategice de cre\u0219tere. Strategia actual\u0103 vizeaz\u0103 \u00eent\u0103rirea segmentului premium, extinderea \u00een zona educa\u021bional\u0103 \u0219i promovarea culturii scrisului de m\u00e2n\u0103 \u00een r\u00e2ndul noilor genera\u021bii.<\/p>\n\n\n\n<p>Pe 28 aprilie 2025, Pelikan a aniversat 187 de ani de existen\u021b\u0103. De multe genera\u021bii, brandul este asociat cu scrisul de m\u00e2n\u0103 \u0219i chiar cu ideea de stilou. \u00cen 1929, Pelikan a lansat stiloul prev\u0103zut cu mecanism de alimentare cu piston diferen\u021bial. Aceast\u0103 inova\u021bie a revolu\u021bionat stilourile \u0219i a influen\u021bat pozitiv tehnica scrisului caligrafic, fiind adoptat\u0103 ulterior de \u00eentreaga industrie \u0219i folosit\u0103, p\u00e2n\u0103 \u00een ziua de azi, la fabricarea stilourilor.<\/p>\n\n\n\n<p>Ast\u0103zi, Pelikan continu\u0103 s\u0103 creeze instrumente de scris de colec\u021bie, dar \u0219i produse educa\u021bionale \u0219i artistice \u2013 de la cerneluri premium \u0219i acuarele, p\u00e2n\u0103 la articole creative pentru \u0219coal\u0103 sau birou. Produc\u021bia are loc \u00een Germania, p\u0103str\u00e2nd leg\u0103tura cu originile sale, iar fiecare produs reflect\u0103 at\u00e2t tradi\u021bia artizanal\u0103, c\u00e2t \u0219i o viziune modern\u0103: scrisul ca form\u0103 de identitate, cultur\u0103 \u0219i rafinament personal.<\/p>\n\n\n\n<p>Sub umbrela grupului Hamelin, Pelikan beneficiaz\u0103 de apartenen\u021ba la un juc\u0103tor global, fapt care \u00eei consolideaz\u0103 pozi\u021bia pe segmentul premium \u0219i \u00eei asigur\u0103 dezvoltarea pe termen lung.<\/p>\n","protected":false},"excerpt":{"rendered":"<p>Pelikan, brandul german de instrumente de scris, revine cu un nou capitol \u00een povestea obiectelor de colec\u021bie care transcend timpul: stiloul Majest\u0103\u021bii Sale Margareta, Custodele Coroanei Rom\u00e2ne, o edi\u021bie limitat\u0103 creat\u0103 \u00een colaborare cu Casa Regal\u0103 a Rom\u00e2niei. Herlitz Rom\u00e2nia continu\u0103 astfel demersul \u00eenceput \u00een 2019, c\u00e2nd a lansat \u00een [&hellip;]<\/p>\n","protected":false},"author":1,"featured_media":1777,"comment_status":"closed","ping_status":"closed","sticky":false,"template":"","format":"standard","meta":[],"categories":[3,2],"tags":[],"_links":{"self":[{"href":"https:\/\/oraexacta.net\/blog\/wp-json\/wp\/v2\/posts\/1776"}],"collection":[{"href":"https:\/\/oraexacta.net\/blog\/wp-json\/wp\/v2\/posts"}],"about":[{"href":"https:\/\/oraexacta.net\/blog\/wp-json\/wp\/v2\/types\/post"}],"author":[{"embeddable":true,"href":"https:\/\/oraexacta.net\/blog\/wp-json\/wp\/v2\/users\/1"}],"replies":[{"embeddable":true,"href":"https:\/\/oraexacta.net\/blog\/wp-json\/wp\/v2\/comments?post=1776"}],"version-history":[{"count":1,"href":"https:\/\/oraexacta.net\/blog\/wp-json\/wp\/v2\/posts\/1776\/revisions"}],"predecessor-version":[{"id":1778,"href":"https:\/\/oraexacta.net\/blog\/wp-json\/wp\/v2\/posts\/1776\/revisions\/1778"}],"wp:featuredmedia":[{"embeddable":true,"href":"https:\/\/oraexacta.net\/blog\/wp-json\/wp\/v2\/media\/1777"}],"wp:attachment":[{"href":"https:\/\/oraexacta.net\/blog\/wp-json\/wp\/v2\/media?parent=1776"}],"wp:term":[{"taxonomy":"category","embeddable":true,"href":"https:\/\/oraexacta.net\/blog\/wp-json\/wp\/v2\/categories?post=1776"},{"taxonomy":"post_tag","embeddable":true,"href":"https:\/\/oraexacta.net\/blog\/wp-json\/wp\/v2\/tags?post=1776"}],"curies":[{"name":"wp","href":"https:\/\/api.w.org\/{rel}","templated":true}]}}