{"id":2357,"date":"2026-01-03T16:20:33","date_gmt":"2026-01-03T16:20:33","guid":{"rendered":"https:\/\/oraexacta.net\/blog\/?p=2357"},"modified":"2026-01-03T16:20:35","modified_gmt":"2026-01-03T16:20:35","slug":"m-cockpit-m-drag-meter-si-m-channel-parte-a-pachetului-bmw-digital-premium-pentru-noul-bmw-ix3","status":"publish","type":"post","link":"https:\/\/oraexacta.net\/blog\/2026\/01\/03\/m-cockpit-m-drag-meter-si-m-channel-parte-a-pachetului-bmw-digital-premium-pentru-noul-bmw-ix3\/","title":{"rendered":"M Cockpit, M Drag Meter \u015fi M Channel, parte a pachetului BMW Digital Premium pentru noul BMW iX3"},"content":{"rendered":"\n<p>BMW M duce experien\u0163a digital\u0103 a clien\u0163ilor la un alt nivel. Noile aplica\u0163ii auto, dezvoltate exclusiv pentru clien\u0163ii BMW M, aduc un elemente noi pentru experien\u0163a de condus. Accesibile prin intermediul ecranului central, acestea ofer\u0103 informa\u0163ii specifice BMW M, configurabile individual. Aplica\u0163iile &#8222;M Cockpit&#8221;, &#8222;M Drag Meter&#8221; \u015fi &#8222;M Channel&#8221; sunt disponibile acum la nivel mondial ca parte a pachetului BMW Digital Premium pentru noul BMW iX3 cu pachet M Sport sau M Sport Pro. \u00cen viitor, clien\u0163ii altor modele BMW M echipate cu sistemul de operare BMW X vor beneficia, de asemenea, de aceast\u0103 nou\u0103 ofert\u0103 digital\u0103.<\/p>\n\n\n\n<p>&#8222;Fascina\u0163ia pentru condusul sportiv \u015fi foarte dinamic este ceea ce motiveaz\u0103 marca BMW M&#8221;, declar\u0103 Sylvia Neubauer, vicepre\u015fedinte BMW M GmbH pentru Brand, Clien\u0163i \u015fi V\u00e2nz\u0103ri. &#8222;Noile aplica\u0163ii auto BMW M ofer\u0103 conduc\u0103torilor o perspectiv\u0103 \u015fi mai profund\u0103 asupra automobilului lor \u015fi extind gama de utiliz\u0103ri posibile. Acest lucru face ca pl\u0103cerea de a conduce s\u0103 fie \u015fi mai tangibil\u0103 \u00een via\u0163a de zi cu zi.&#8221;<\/p>\n\n\n\n<p>M Cockpit<\/p>\n\n\n\n<p>Aplica\u0163ia &#8222;M Cockpit&#8221; ofer\u0103 conduc\u0103torilor BMW M informa\u0163ii complete, \u00een timp real, despre automobilul lor. Aceasta vizualizeaz\u0103 o varietate de inforam\u0163ii legate de dinamic\u0103, \u015fasiu, sistem de propulsie \u015fi geodate \u015fi ofer\u0103 un nivel ridicat de personalizare. Conduc\u0103torii pot configura p\u00e2n\u0103 la cinci variante de bord pentru ecranul central, fiecare afi\u015f\u00e2nd date \u00een timp real adaptate preferin\u0163elor lor.<\/p>\n\n\n\n<p>M Drag Meter<\/p>\n\n\n\n<p>Conceput\u0103 pentru utilizare pe piste de drag, aplica\u0163ia auto &#8222;M Drag Meter&#8221; \u00eencorporeaz\u0103 elemente de gamification. Aceasta afi\u015feaz\u0103 valori specifice de accelerare \u015fi decelerare, precum \u015fi timpul de reac\u0163ie al conduc\u0103torului la sprintul de pe loc, direct pe monitorul central. M\u0103sur\u0103torile de vitez\u0103 \u015fi distan\u0163\u0103 bazate pe GPS stau la baza acestei func\u0163ionalit\u0103\u0163i. Cu op\u0163iuni de personalizare, acest instrument integrat de m\u0103surare a performan\u0163ei poate fi adaptat cerin\u0163elor individuale. Conduc\u0103torii pot vizualiza simultan p\u00e2n\u0103 la patru criterii de m\u0103surare \u015fi rezultatele acestora pe monitorul central.<\/p>\n\n\n\n<p>M Channel<\/p>\n\n\n\n<p>Aplica\u0163ia auto &#8222;M Channel&#8221; a BMW M ofer\u0103 divertisment pentru conduc\u0103torii \u015fi pasagerii BMW M \u00een timpul sesiunilor de \u00eenc\u0103rcare sau al pauzelor. Fiind primul canal media auto BMW M, ofer\u0103 o selec\u0163ie larg\u0103 de con\u0163inut video BMW M de \u00eenalt\u0103 calitate, on demand, accesibil prin intermediul monitorului central. Aplica\u0163ia &#8222;M Channel&#8221; ofer\u0103 o gam\u0103 larg\u0103 de videoclipuri how-to, pove\u015fti \u015fi con\u0163inut despre motorsport pentru pasiona\u0163ii M, precum \u015fi informa\u0163ii despre alte oferte BMW M, cum ar fi BMW Driving Academy.<\/p>\n\n\n\n<p>Extinderea aplica\u0163iei My BMW: introducerea Comunit\u0103\u0163ii BMW M pentru GEN M<\/p>\n\n\n\n<p>BMW M \u00ee\u015fi dezvolt\u0103 suplimentar ecosistemul digital prin integrarea Comunit\u0103\u0163ii BMW M \u00een aplica\u0163ia My BMW. Clien\u0163ii BMW M au acces la beneficii exclusive \u00een cadrul comunit\u0103\u0163ii, inclusiv produse unice, evenimente speciale, oferte selectate de la parteneri \u015fi con\u0163inut premium BMW M. De asemenea, membrii se pot conecta direct \u00eentre ei \u015fi pot face schimb de idei. Integrarea se aliniaz\u0103 cu campania de brand GEN M, dedicat\u0103 celor pasiona\u0163i de motorsport \u015fi performan\u0163a \u00eenalt\u0103. La lansare, vor avea acces to\u0163i conduc\u0103torii BMW M din Germania, posesori de cu automobile M de \u00eenalt\u0103 performan\u0163\u0103 sau performan\u0163\u0103 \u00eencep\u00e2nd cu anul 2014, cu condi\u0163ia s\u0103 fie conecta\u0163i la aplica\u0163ia My BMW.<\/p>\n","protected":false},"excerpt":{"rendered":"<p>BMW M duce experien\u0163a digital\u0103 a clien\u0163ilor la un alt nivel. Noile aplica\u0163ii auto, dezvoltate exclusiv pentru clien\u0163ii BMW M, aduc un elemente noi pentru experien\u0163a de condus. Accesibile prin intermediul ecranului central, acestea ofer\u0103 informa\u0163ii specifice BMW M, configurabile individual. Aplica\u0163iile &#8222;M Cockpit&#8221;, &#8222;M Drag Meter&#8221; \u015fi &#8222;M Channel&#8221; [&hellip;]<\/p>\n","protected":false},"author":1,"featured_media":2358,"comment_status":"closed","ping_status":"closed","sticky":false,"template":"","format":"standard","meta":[],"categories":[2],"tags":[],"_links":{"self":[{"href":"https:\/\/oraexacta.net\/blog\/wp-json\/wp\/v2\/posts\/2357"}],"collection":[{"href":"https:\/\/oraexacta.net\/blog\/wp-json\/wp\/v2\/posts"}],"about":[{"href":"https:\/\/oraexacta.net\/blog\/wp-json\/wp\/v2\/types\/post"}],"author":[{"embeddable":true,"href":"https:\/\/oraexacta.net\/blog\/wp-json\/wp\/v2\/users\/1"}],"replies":[{"embeddable":true,"href":"https:\/\/oraexacta.net\/blog\/wp-json\/wp\/v2\/comments?post=2357"}],"version-history":[{"count":1,"href":"https:\/\/oraexacta.net\/blog\/wp-json\/wp\/v2\/posts\/2357\/revisions"}],"predecessor-version":[{"id":2359,"href":"https:\/\/oraexacta.net\/blog\/wp-json\/wp\/v2\/posts\/2357\/revisions\/2359"}],"wp:featuredmedia":[{"embeddable":true,"href":"https:\/\/oraexacta.net\/blog\/wp-json\/wp\/v2\/media\/2358"}],"wp:attachment":[{"href":"https:\/\/oraexacta.net\/blog\/wp-json\/wp\/v2\/media?parent=2357"}],"wp:term":[{"taxonomy":"category","embeddable":true,"href":"https:\/\/oraexacta.net\/blog\/wp-json\/wp\/v2\/categories?post=2357"},{"taxonomy":"post_tag","embeddable":true,"href":"https:\/\/oraexacta.net\/blog\/wp-json\/wp\/v2\/tags?post=2357"}],"curies":[{"name":"wp","href":"https:\/\/api.w.org\/{rel}","templated":true}]}}