{"id":2361,"date":"2026-01-09T21:27:06","date_gmt":"2026-01-09T21:27:06","guid":{"rendered":"https:\/\/oraexacta.net\/blog\/?p=2361"},"modified":"2026-01-09T21:27:08","modified_gmt":"2026-01-09T21:27:08","slug":"noul-model-auto-citroen-elo-prezentat-drept-micul-automobil-cu-gandire-mare","status":"publish","type":"post","link":"https:\/\/oraexacta.net\/blog\/2026\/01\/09\/noul-model-auto-citroen-elo-prezentat-drept-micul-automobil-cu-gandire-mare\/","title":{"rendered":"Noul model auto Citro\u00ebn ELO, prezentat drept micul automobil cu g\u00e2ndire mare"},"content":{"rendered":"\n<p>Cu ocazia Salonului Auto de la Bruxelles, Citro\u00ebn dezv\u0103luie un stand care reflect\u0103 imaginea sa: colorat, modern \u0219i primitor, ilustr\u00e2nd toat\u0103 creativitatea \u0219i inova\u021bia Citro\u00ebn. O marc\u0103 dinamic\u0103, m\u00e2ndr\u0103 mai mult ca oric\u00e2nd de originalitatea sa: facilitarea mobilit\u0103\u021bii, conceperea de solu\u021bii ingenioase, oferirea de confort, furnizarea lucrurilor cu adev\u0103rat importante \u0219i eliminarea celor inutile, satisfacerea tuturor modurilor de a experimenta ma\u0219ina prin oferirea unei game diversificate de energii \u0219i stiluri de caroserie pentru a r\u0103spunde c\u00e2t mai bine cerin\u021belor persoanelor fizice \u0219i profesioni\u0219tilor.<\/p>\n\n\n\n<p>Standul reflect\u0103 energia extraordinar\u0103 pe care o tr\u0103ie\u0219te Citro\u00ebn \u00een prezent. Vizitatorii vor putea descoperi un concept car inedit, inteligent \u0219i surprinz\u0103tor, prezentat \u00een premier\u0103 mondial\u0103, Citro\u00ebn ELO, al\u0103turi de o gam\u0103 complet re\u00eennoit\u0103, cu noul C5 Aircross, finalist \u00een competi\u021bia Car Of The Year, un model emblematic care \u00eentruchipeaz\u0103 tot ce are Citro\u00ebn mai bun, dar \u0219i pionierul micro-mobilit\u0103\u021bii electrice, AMI, care \u00ee\u0219i dezv\u0103luie pentru prima dat\u0103 latura \u00eentunecat\u0103 la un salon auto, \u00een versiunea Dark Side, \u0219i un monopost care re\u00eenvie pasiunea pentru sporturile cu motor odat\u0103 cu sosirea Citro\u00ebn \u00een Campionatul Mondial ABB Formula E, marcat\u0103 de un podium \u00een primul e-Prix al sezonului de la Sao Paulo.<\/p>\n\n\n\n<p>Citro\u00ebn ELO: Mic este noul Mare<\/p>\n\n\n\n<p>Citro\u00ebn a ales ora\u0219ul Bruxelles pentru a prezenta \u00een premier\u0103 mondial\u0103 ELO, un concept car g\u00e2ndit ca un adev\u0103rat laborator de idei. ELO este profund ancorat \u00een societate \u0219i la stilul de via\u021b\u0103 \u00een continu\u0103 schimbare: responsabil, practic, inteligent, multifunc\u021bional, accesibil \u0219i extrem de pl\u0103cut. Compact (4,10 m), dar incredibil de spa\u021bios, ELO este \u201emicul automobil cu g\u00e2ndire mare\u201d. Arhitectura sa 100% electric\u0103 este exploatat\u0103 \u00een mod optim ca s\u0103 ofere un spa\u021biu modular \u00een care \u00eencap p\u00e2n\u0103 la \u0219ase persoane, transform\u00e2nd interiorul \u00eentr-un adev\u0103rat spa\u021biu de locuit. ELO face totul mai u\u0219or: c\u0103l\u0103toriile, relaxarea, timpul liber \u0219i munca la distan\u021b\u0103. Conceput pentru via\u021ba \u00een mi\u0219care, ELO folose\u0219te materiale practice, rezistente \u0219i inovatoare, dezvoltate \u00eempreun\u0103 cu Goodyear \u0219i Decathlon, doi parteneri cu experien\u021b\u0103 \u00een domeniile lor.<\/p>\n\n\n\n<p>Cu ELO, nu clientul se adapteaz\u0103 la ma\u0219in\u0103, ci ma\u0219ina se adapteaz\u0103 la cerin\u021bele clientului. Modelul standard are patru locuri, cu scaunul \u0219oferului \u00een pozi\u021bie central\u0103, oferind o nou\u0103 senza\u021bie de vizibilitate cu un parbriz \u00eenclinat la 180\u00b0 \u0219i o interfa\u021b\u0103 modern\u0103 \u0219i ingenioas\u0103, \u00een timp ce pasagerii din spate se bucur\u0103 de un spa\u021biu imens. Scaunul \u0219oferului poate fi rotit pentru conversa\u021bie sau munc\u0103, fiind prev\u0103zut cu un suport dedicat. \u0218i, dac\u0103 este necesar, pot fi ad\u0103ugate dou\u0103 scaune suplimentare pentru a transporta \u0219ase persoane. De asemenea, poate fi transformat \u00eentr-un spa\u021biu de dormit pentru dou\u0103 persoane, un home cinema, o surs\u0103 de alimentare \u0219i multe altele. ELO revolu\u021bioneaz\u0103 lumea mobilit\u0103\u021bii \u0219i devine catalizatorul momentelor \u00eemp\u0103rt\u0103\u0219ite cu partenerul, familia sau prietenii.<\/p>\n\n\n\n<p>Cu designul s\u0103u revolu\u021bionar, energia contagioas\u0103 \u0219i ingeniozitatea, ELO ilustreaz\u0103 cu m\u0103iestrie spiritul Citro\u00ebn: original, creativ, optimist, inteligent, axat pe confortul interior \u0219i exterior al vehiculului. ELO are un efect revigorant, oferind o nou\u0103 perspectiv\u0103 asupra automobilului.<\/p>\n\n\n\n<p>Noul C5 Aircross: modelul emblematic al m\u0103rcii \u00ee\u0219i schimb\u0103 statutul<\/p>\n\n\n\n<p>Citro\u00ebn prezint\u0103 la Bruxelles noul C5 Aircross, o evolu\u021bie profund\u0103 care \u00eel repozi\u021bioneaz\u0103 \u00een centrul pie\u021bei SUV-urilor din segmentul C. Mai carismatic, mai tehnologic \u0219i mai eficient, acesta se remarc\u0103 printr-un design puternic \u0219i fluid, optimizat din punct de vedere aerodinamic.<\/p>\n\n\n\n<p>La bord, Citro\u00ebn ofer\u0103 o experien\u021b\u0103 de c\u0103l\u0103torie cu totul deosebit\u0103: spa\u021biu generos, locuri excep\u021bionale pe al doilea r\u00e2nd \u0219i portbagaj spa\u021bios, indiferent de tipul de motorizare. \u0218oferul \u0219i pasagerii descoper\u0103 un cocon high-tech, \u00eembun\u0103t\u0103\u021bit de suspensia hidraulic\u0103 progresiv\u0103, scaunele Advanced Comfort \u0219i o plan\u0219\u0103 de bord modernizat\u0103, cu un ecran tactil Cascade mare, pentru ergonomie \u0219i utilizare intuitiv\u0103 \u00eembun\u0103t\u0103\u021bite. Condusul este mai relaxat datorit\u0103 ultimei genera\u021bii de tehnologii de asisten\u021b\u0103, inclusiv farurile Citro\u00ebn Matrix LED \u0219i pachetul Drive Assist 2.0.<\/p>\n\n\n\n<p>\u00cen ceea ce prive\u0219te motoarele, Citro\u00ebn ofer\u0103 o gam\u0103 deosebit de variat\u0103 de op\u021biuni electrificate. Modelul C5 Aircross este disponibil \u00een versiune hibrid cu o autonomie de p\u00e2n\u0103 la 950 km, hibrid re\u00eenc\u0103rcabil cu o autonomie de peste 100 km \u00een condi\u021bii urbane \u0219i aproape 1.100 km \u00een regim mixt, precum \u0219i \u00eentr-o versiune electric\u0103 accesibil\u0103 \u0219i versatil\u0103, cu o autonomie de p\u00e2n\u0103 la 520 km.<\/p>\n\n\n\n<p>Citro\u00ebn Ami Dark Side: copilul teribil \u00ee\u0219i arat\u0103 latura \u00eentunecat\u0103<\/p>\n\n\n\n<p>Pionier \u00een domeniul micro-mobilit\u0103\u021bii electrice \u00eenc\u0103 de acum cinci ani, Citro\u00ebn Ami continu\u0103 s\u0103 redefinieasc\u0103 mobilitatea urban\u0103. Cu designul s\u0103u inspirat din lumea anima\u021biei, simetria juc\u0103u\u0219\u0103 \u0219i caracterul vesel, Ami a atras aproape 85.000 de utilizatori din momentul lans\u0103rii. \u00cen 2025, modelul a adoptat un design mai robust, f\u0103r\u0103 a renun\u021ba la spontaneitatea care \u00eel caracterizeaz\u0103. Pentru Bruxelles, Ami \u00ee\u0219i arat\u0103 latura \u00eentunecat\u0103 cu noua edi\u021bie Ami Dark Side. \u00cembr\u0103cat \u00een Black Night \u2013 un negru mat intens \u2013 pus \u00een valoare de elemente grafice albe, Ami Dark Side este mai rebel \u0219i mai elegant, f\u0103r\u0103 s\u0103 renun\u021be la spiritul vesel \u0219i neconven\u021bional.<\/p>\n\n\n\n<p>\u00cen continuare compact, 100% electric \u0219i accesibil de la v\u00e2rsta de 14 ani, \u00een func\u021bie de \u021bar\u0103, acesta r\u0103m\u00e2ne fidel promisiunii Citro\u00ebn: mobilitate accesibil\u0103, sigur\u0103, personalizabil\u0103 \u0219i dedicat\u0103 omului. Ami Dark Side continu\u0103 astfel s\u0103 exploreze un teritoriu inventat de Citro\u00ebn: cel al micro-mobilit\u0103\u021bii electrice inteligente \u0219i pl\u0103cute, conceput\u0103 pentru utilizarea cotidian\u0103.<\/p>\n\n\n\n<p>Formula E: Citro\u00ebn se al\u0103tur\u0103 unui campionat captivant<\/p>\n\n\n\n<p>Citro\u00ebn s\u0103rb\u0103tore\u0219te intrarea oficial\u0103 \u00een Campionatul Mondial ABB FIA Formula E la Salonul Auto de la Bruxelles, marc\u00e2nd o nou\u0103 etap\u0103 important\u0103 \u00een istoria sa sportiv\u0103. Baz\u00e2ndu-se pe tradi\u021bia sa \u00een Rally Raid, WRC \u0219i WTCC, marca abordeaz\u0103 aceast\u0103 disciplin\u0103 cu aceea\u0219i determinare: s\u0103 \u00eenve\u021be rapid, s\u0103 progreseze constant \u0219i s\u0103 performeze \u00een mod sustenabil. Aceast\u0103 motiva\u021bie a fost \u00eencununat\u0103 de succes \u00eenc\u0103 de la primul e-Prix al sezonului, pe 6 decembrie, la Sao Paulo, c\u00e2nd pilotul Nick Cassidy a urcat pe podium.<\/p>\n\n\n\n<p>Formula E \u00eentruchipeaz\u0103 spiritul vremurilor: o competi\u021bie 100% electric\u0103, implicat\u0103 \u0219i responsabil\u0103, organizat\u0103 \u00een centrul ora\u0219elor \u0219i adaptat\u0103 unui public t\u00e2n\u0103r, conectat \u0219i interna\u021bional. Aceasta ofer\u0103 m\u0103rcii Citro\u00ebn o platform\u0103 tehnologic\u0103 \u0219i mediatic\u0103 remarcabil\u0103, precum \u0219i o surs\u0103 de inspira\u021bie pentru mobilitatea electric\u0103 a viitorului.<\/p>\n\n\n\n<p>Monopostul expus la Bruxelles are o caroserie tricolor\u0103, reflect\u00e2nd m\u00e2ndria de a reprezenta expertiza francez\u0103 pe circuitul de curse \u0219i de a duce Citro\u00ebn c\u0103tre un nou orizont sportiv.<\/p>\n\n\n\n<p>Citro\u00ebn dezvolt\u0103, din 1919, automobile, tehnologii \u0219i solu\u021bii de mobilitate adaptate la evolu\u021biile societ\u0103\u021bii. Marc\u0103 inovatoare \u0219i \u00eendr\u0103znea\u021b\u0103, Citro\u00ebn plaseaz\u0103 relaxarea \u0219i starea de bine \u00een centrul experien\u021bei clientului \u0219i ofer\u0103 o gam\u0103 extins\u0103 de modele, \u00eencep\u00e2nd cu unicul Ami, un obiect electric de mobilitate conceput pentru ora\u0219 \u0219i p\u00e2n\u0103 la sedanuri, SUV-uri \u0219i vehicule comerciale, majoritatea dintre acestea disponibile cu sisteme de propulsie electric\u0103 sau plug-in hybrid. Pionier \u00een ceea ce prive\u0219te serviciile \u0219i aten\u021bia acordat\u0103 clien\u021bilor persoane fizice \u0219i juridice, Marca Citro\u00ebn este prezent\u0103 \u00een 101 \u021b\u0103ri cu o re\u021bea de 6200 puncte de v\u00e2nzare \u0219i servicii \u00een \u00eentreaga lume.<\/p>\n","protected":false},"excerpt":{"rendered":"<p>Cu ocazia Salonului Auto de la Bruxelles, Citro\u00ebn dezv\u0103luie un stand care reflect\u0103 imaginea sa: colorat, modern \u0219i primitor, ilustr\u00e2nd toat\u0103 creativitatea \u0219i inova\u021bia Citro\u00ebn. O marc\u0103 dinamic\u0103, m\u00e2ndr\u0103 mai mult ca oric\u00e2nd de originalitatea sa: facilitarea mobilit\u0103\u021bii, conceperea de solu\u021bii ingenioase, oferirea de confort, furnizarea lucrurilor cu adev\u0103rat importante [&hellip;]<\/p>\n","protected":false},"author":1,"featured_media":2362,"comment_status":"closed","ping_status":"closed","sticky":false,"template":"","format":"standard","meta":[],"categories":[3,2],"tags":[],"_links":{"self":[{"href":"https:\/\/oraexacta.net\/blog\/wp-json\/wp\/v2\/posts\/2361"}],"collection":[{"href":"https:\/\/oraexacta.net\/blog\/wp-json\/wp\/v2\/posts"}],"about":[{"href":"https:\/\/oraexacta.net\/blog\/wp-json\/wp\/v2\/types\/post"}],"author":[{"embeddable":true,"href":"https:\/\/oraexacta.net\/blog\/wp-json\/wp\/v2\/users\/1"}],"replies":[{"embeddable":true,"href":"https:\/\/oraexacta.net\/blog\/wp-json\/wp\/v2\/comments?post=2361"}],"version-history":[{"count":1,"href":"https:\/\/oraexacta.net\/blog\/wp-json\/wp\/v2\/posts\/2361\/revisions"}],"predecessor-version":[{"id":2363,"href":"https:\/\/oraexacta.net\/blog\/wp-json\/wp\/v2\/posts\/2361\/revisions\/2363"}],"wp:featuredmedia":[{"embeddable":true,"href":"https:\/\/oraexacta.net\/blog\/wp-json\/wp\/v2\/media\/2362"}],"wp:attachment":[{"href":"https:\/\/oraexacta.net\/blog\/wp-json\/wp\/v2\/media?parent=2361"}],"wp:term":[{"taxonomy":"category","embeddable":true,"href":"https:\/\/oraexacta.net\/blog\/wp-json\/wp\/v2\/categories?post=2361"},{"taxonomy":"post_tag","embeddable":true,"href":"https:\/\/oraexacta.net\/blog\/wp-json\/wp\/v2\/tags?post=2361"}],"curies":[{"name":"wp","href":"https:\/\/api.w.org\/{rel}","templated":true}]}}