{"id":2376,"date":"2026-01-11T21:59:26","date_gmt":"2026-01-11T21:59:26","guid":{"rendered":"https:\/\/oraexacta.net\/blog\/?p=2376"},"modified":"2026-01-11T21:59:28","modified_gmt":"2026-01-11T21:59:28","slug":"maxim-belciug-si-gabriel-balasa-concert-de-chitara-in-bucuresti-noi-vrem-sa-fim-trimbulinzi","status":"publish","type":"post","link":"https:\/\/oraexacta.net\/blog\/2026\/01\/11\/maxim-belciug-si-gabriel-balasa-concert-de-chitara-in-bucuresti-noi-vrem-sa-fim-trimbulinzi\/","title":{"rendered":"Maxim Belciug \u0219i Gabriel B\u0103la\u0219a, concert de chitar\u0103 \u00een Bucure\u0219ti: Noi vrem s\u0103 fim trimbulinzi"},"content":{"rendered":"\n<p>Primul concert de chitar\u0103 din 2026 are loc vineri, 16 ianuarie, la Sala Dalles din Bucure\u0219ti \u0219i aduce o \u00eent\u00e2lnire inedit\u0103 cu muzica albastr\u0103 a doi arti\u0219ti trimbulinzi: Maxim Belciug, maestrul \u00cenc\u00e2nt\u0103rilor, \u0219i Gabriel B\u0103la\u0219a, pictorul de sunete. Cei doi vin pe scen\u0103 cu chitara, cu percu\u021biile \u0219i cu pantamul, pentru a ar\u0103ta publicului c\u0103 farfuriile zbur\u0103toare pot c\u00e2nta, c\u0103 ariile de Bach uneori fac tumbe \u00een aer \u0219i c\u0103 cerul e, de fapt, \u00een noi, precum muzica \u00een chitar\u0103.<\/p>\n\n\n\n<p>Un spectacol muzical plin de o energie molipsitoare, unde ritmurile, atmosfera cald\u0103, spontaneitatea \u0219i bucuria sunt la ele acas\u0103, iar valsurile \u0219i tangourile, dansurile latino-americane, caden\u021bele flamenco \u0219i exotismele pline de culoare cap\u0103t\u0103 via\u021b\u0103 \u00een moduri nea\u0219teptate. Ca \u00eentr-un adev\u0103rat exerci\u021biu de prestidigita\u021bie, chitara va da glas tuturor pornirilor sale ludice, iar sunetul hipnotic al pantamului va face aerul s\u0103 tremure \u00een nuan\u021be rotunde, aproape cosmice, \u00eentr-un melanj sclipitor de clasic cu improviza\u021bie.<\/p>\n\n\n\n<p>Maxim Belciug, un artist clasic \u00een formarea \u0219i preferin\u021bele sale, este un nume special \u00een lumea muzicii de la noi, care, de peste 3 decenii, se \u00eenc\u0103p\u0103\u0163\u00e2neaz\u0103 s\u0103 cread\u0103 c\u0103 frumuse\u0163ea va m\u00e2ntui totu\u0219i lumea.<\/p>\n\n\n\n<p>A c\u00e2ntat la Paris, Roma, Vene\u0163ia, Var\u015fovia, Belgrad, Viena, Stockholm, Budapesta, precum \u0219i pe toate marile scene clasice din \u0163ar\u0103. Gabriel B\u0103la\u015fa este, la r\u00e2ndul s\u0103u, un alt nume frecvent \u00eent\u00e2lnit pe scena muzical\u0103 under \u015fi overground. Un percu\u0163ionist inspirat \u015fi iste\u0163, apreciat pentru prezen\u0163a sa creativ\u0103, care \u00een ultimul timp a devenit \u0219i ambasadorul unui instrument \u00eenc\u0103 pu\u021bin cunoscut la noi: pantamul.<\/p>\n\n\n\n<p>A sus\u021binut concerte la festivaluri na\u021bionale \u0219i interna\u021bionale \u00een Rom\u00e2nia, Ungaria, Portugalia, Fran\u021ba, Anglia, Germania, China, India \u0219i a c\u00e2ntat al\u0103turi de nume mari ale scenei rom\u00e2ne\u0219ti. \u00cempreun\u0103, Maxim Belciug \u0219i Gabriel B\u0103la\u0219a formeaz\u0103 un duo insolit, ca \u0219i muzica lor.<\/p>\n\n\n\n<p>Pl\u0103cerea lor de a c\u00e2nta na\u0219te sunete care \u00eenc\u0103lzesc inima, iar muzica angreneaz\u0103 publicul \u2013 p\u00e2n\u0103 la trans\u0103 \u2013 \u00een spa\u0163ii sonore cu energii luminoase \u0219i t\u0103m\u0103duitoare. Armoniile \u00ee\u0219i iau zborul de pe partitur\u0103 \u0219i ne aduc un r\u0103gaz de copil\u0103rie, \u00een pofida faptului c\u0103 tr\u0103im \u00eentr-o lume ce nu-i f\u0103cut\u0103 pentru copii.<\/p>\n\n\n\n<p>Intitulat \u201cNoi vrem s\u0103 fim trimbulinzi\u201d, concertul extraordinar pe care Maxim Belciug \u0219i Gabriel B\u0103la\u0219a \u00eel sus\u021bin vineri, 16 ianuarie 2026, are loc la Sala Dalles din Bucure\u0219ti \u0219i \u00eencepe la ora 19:00. Biletele sunt disponibile pe ticketstore.ro \u0219i iabilet.ro.<\/p>\n","protected":false},"excerpt":{"rendered":"<p>Primul concert de chitar\u0103 din 2026 are loc vineri, 16 ianuarie, la Sala Dalles din Bucure\u0219ti \u0219i aduce o \u00eent\u00e2lnire inedit\u0103 cu muzica albastr\u0103 a doi arti\u0219ti trimbulinzi: Maxim Belciug, maestrul \u00cenc\u00e2nt\u0103rilor, \u0219i Gabriel B\u0103la\u0219a, pictorul de sunete. Cei doi vin pe scen\u0103 cu chitara, cu percu\u021biile \u0219i cu pantamul, [&hellip;]<\/p>\n","protected":false},"author":1,"featured_media":2377,"comment_status":"closed","ping_status":"closed","sticky":false,"template":"","format":"standard","meta":[],"categories":[2,5],"tags":[],"_links":{"self":[{"href":"https:\/\/oraexacta.net\/blog\/wp-json\/wp\/v2\/posts\/2376"}],"collection":[{"href":"https:\/\/oraexacta.net\/blog\/wp-json\/wp\/v2\/posts"}],"about":[{"href":"https:\/\/oraexacta.net\/blog\/wp-json\/wp\/v2\/types\/post"}],"author":[{"embeddable":true,"href":"https:\/\/oraexacta.net\/blog\/wp-json\/wp\/v2\/users\/1"}],"replies":[{"embeddable":true,"href":"https:\/\/oraexacta.net\/blog\/wp-json\/wp\/v2\/comments?post=2376"}],"version-history":[{"count":1,"href":"https:\/\/oraexacta.net\/blog\/wp-json\/wp\/v2\/posts\/2376\/revisions"}],"predecessor-version":[{"id":2378,"href":"https:\/\/oraexacta.net\/blog\/wp-json\/wp\/v2\/posts\/2376\/revisions\/2378"}],"wp:featuredmedia":[{"embeddable":true,"href":"https:\/\/oraexacta.net\/blog\/wp-json\/wp\/v2\/media\/2377"}],"wp:attachment":[{"href":"https:\/\/oraexacta.net\/blog\/wp-json\/wp\/v2\/media?parent=2376"}],"wp:term":[{"taxonomy":"category","embeddable":true,"href":"https:\/\/oraexacta.net\/blog\/wp-json\/wp\/v2\/categories?post=2376"},{"taxonomy":"post_tag","embeddable":true,"href":"https:\/\/oraexacta.net\/blog\/wp-json\/wp\/v2\/tags?post=2376"}],"curies":[{"name":"wp","href":"https:\/\/api.w.org\/{rel}","templated":true}]}}