{"id":2379,"date":"2026-01-12T12:33:35","date_gmt":"2026-01-12T12:33:35","guid":{"rendered":"https:\/\/oraexacta.net\/blog\/?p=2379"},"modified":"2026-01-12T12:33:37","modified_gmt":"2026-01-12T12:33:37","slug":"la-bucuresti-23-31-mai-2026-festivalul-international-iscm-world-new-music-days-columna-infinita","status":"publish","type":"post","link":"https:\/\/oraexacta.net\/blog\/2026\/01\/12\/la-bucuresti-23-31-mai-2026-festivalul-international-iscm-world-new-music-days-columna-infinita\/","title":{"rendered":"La Bucure\u0219ti, 23-31 mai 2026: Festivalul interna\u021bional ISCM World New Music Days \u2013 Columna Infinit\u0103"},"content":{"rendered":"\n<p>Festivalul interna\u0163ional ISCM World New Music Days \u2013 \u201eColumna Infinit\u0103\u201d, cel mai important eveniment dedicat muzicii contemporane la nivel mondial, va avea loc la Bucure\u015fti, \u00eentre 23\u201331 mai 2026, fiind organizat de Uniunea Compozitorilor \u015fi Muzicologilor din Rom\u00e2nia (UCMR), \u00eempreun\u0103 cu Sec\u0163iunea Na\u0163ional\u0103 Rom\u00e2n\u0103 a Societ\u0103\u0163ii Interna\u0163ionale pentru Muzic\u0103 Contemporan\u0103 (SNR-SIMC), \u00een parteneriat cu ARTEXIM.<\/p>\n\n\n\n<p>Coordonarea artistic\u0103 a edi\u021biei 2026 este realizat\u0103 de Diana Rotaru \u2013 pre\u0219edint\u0103 a SNR-SIMC, sub direc\u021bia artistic\u0103 a compozitorului Dan Dediu, pre\u0219edinte al UCMR.<\/p>\n\n\n\n<p>Festivalul World New Music Days este organizat anual de c\u00e2te o \u0163ar\u0103 membr\u0103 a Societ\u0103\u021bii Interna\u0163ionale pentru Muzic\u0103 Contemporan\u0103, cea mai veche \u015fi prestigioas\u0103 organiza\u0163ie interna\u0163ional\u0103 dedicat\u0103 muzicii noi, fondat\u0103 \u00een 1923. De-a lungul celor peste 90 de edi\u0163ii, festivalul a g\u0103zduit \u00een prim\u0103 audi\u0163ie lucr\u0103ri semnate de nume binecunoscute ale componisticii interna\u021bionale precum B\u00e9la Bart\u00f3k, John Cage, Gy\u00f6rgy Ligeti, Louis Andriessen, Sofia Gubaidulina.<\/p>\n\n\n\n<p>Rom\u00e2nia a mai fost gazda acestui festival o singur\u0103 dat\u0103, \u00een 1999, sub direc\u0163ia artistic\u0103 a regretatului compozitor Nicolae Br\u00e2ndu\u015f. Edi\u0163ia din 2026 va reuni la Bucure\u015fti peste 60 de delega\u0163i oficiali ai sec\u0163iunilor na\u0163ionale ISCM \u015fi peste 80 de compozitori interna\u0163ionali ale c\u0103ror lucr\u0103ri vor fi interpretate, evenimentul oferind astfel o platform\u0103 excep\u0163ional\u0103 de promovare pentru scena muzical\u0103 contemporan\u0103 rom\u00e2neasc\u0103. Selec\u0163ia final\u0103 a lucr\u0103rilor ce vor fi incluse \u00een program din cele c\u00e2teva sute \u00eenscrise pentru participare, va fi publicat\u0103 \u00een mod oficial pe 15 ianuarie 2026.<\/p>\n\n\n\n<p>Tema edi\u0163iei 2026, \u201eColumna Infinit\u0103\u201d, reprezint\u0103 un omagiu adus anivers\u0103rii a 150 de ani de la na\u015fterea sculptorului Constantin Br\u00e2ncu\u0219i. Crea\u021bia sa devine o metafor\u0103 a undelor sonore, a ideii de ascensiune \u015fi a deschiderii imagina\u0163iei artistice c\u0103tre noi orizonturi.<\/p>\n\n\n\n<p>\u00cen acela\u015fi spirit aniversar, New Europe College va organiza un simpozion muzicologic interna\u0163ional, coordonat de Valentina Sandu-Dediu, dedicat dublului centenar aniversat \u00een 2026 al compozitorilor Anatol Vieru \u015fi Gy\u00f6rgy Kurt\u00e1g, dou\u0103 figuri remarcabile \u015fi influente ale muzicii secolului XX.<\/p>\n\n\n\n<p>Printre interpre\u021bii rom\u00e2ni de prestigiu invita\u021bi \u00een festival se num\u0103r\u0103 dirijorii Cristian M\u0103celaru, Gabriel Bebe\u015felea, Cristian Mandeal, Tiberiu Soare, soli\u015ftii Diana Mo\u015f (vioar\u0103), Ion Bogdan \u0218tef\u0103nescu (flaut), C\u0103t\u0103lin R\u0103ducanu (\u021bambal \u015fi pian), Mircea Marian (violoncel), ansamblurile PROFIL, ATEM, COULEURS, cvartetul de coarde ARCADIA, Orchestrele Radio, Orchestra Filarmonicii \u201eGeorge Enescu\u201d, Orchestra de coarde \u201eConcerto\u201d a UNMB, corul \u201cMadrigal\u201d \u015fi corul de copii \u201cMadrigal\u201d.<\/p>\n\n\n\n<p>Programul va con\u021bine de asemenea crea\u021bii audio-video \u015fi muzici electronice, precum \u015fi concerte sus\u021binute de Corul \u201ePsalmodia\u201d (muzic\u0103 bizantin\u0103), concerte de muzic\u0103 rom\u00e2neasc\u0103 tradi\u021bional\u0103 \u015fi concerte jazz-rock (cu forma\u0163ia \u201cOpening Theory\u201d).<\/p>\n\n\n\n<p>Festivalul va fi organizat \u00een colaborare cu parteneri institu\u0163ionali importan\u0163i, printre care Opera Na\u0163ional\u0103 Bucure\u015fti, Societatea Rom\u00e2n\u0103 de Radiodifuziune, Filarmonica \u201eGeorge Enescu\u201d, Universitatea Na\u0163ional\u0103 de Muzic\u0103 din Bucure\u015fti, ARCUB, Goethe-Institut Bucure\u015fti, Institutul Cervantes Bucure\u015fti \u015fi Forumul Cultural Austriac.<\/p>\n","protected":false},"excerpt":{"rendered":"<p>Festivalul interna\u0163ional ISCM World New Music Days \u2013 \u201eColumna Infinit\u0103\u201d, cel mai important eveniment dedicat muzicii contemporane la nivel mondial, va avea loc la Bucure\u015fti, \u00eentre 23\u201331 mai 2026, fiind organizat de Uniunea Compozitorilor \u015fi Muzicologilor din Rom\u00e2nia (UCMR), \u00eempreun\u0103 cu Sec\u0163iunea Na\u0163ional\u0103 Rom\u00e2n\u0103 a Societ\u0103\u0163ii Interna\u0163ionale pentru Muzic\u0103 Contemporan\u0103 [&hellip;]<\/p>\n","protected":false},"author":1,"featured_media":2380,"comment_status":"closed","ping_status":"closed","sticky":false,"template":"","format":"standard","meta":[],"categories":[2,5],"tags":[],"_links":{"self":[{"href":"https:\/\/oraexacta.net\/blog\/wp-json\/wp\/v2\/posts\/2379"}],"collection":[{"href":"https:\/\/oraexacta.net\/blog\/wp-json\/wp\/v2\/posts"}],"about":[{"href":"https:\/\/oraexacta.net\/blog\/wp-json\/wp\/v2\/types\/post"}],"author":[{"embeddable":true,"href":"https:\/\/oraexacta.net\/blog\/wp-json\/wp\/v2\/users\/1"}],"replies":[{"embeddable":true,"href":"https:\/\/oraexacta.net\/blog\/wp-json\/wp\/v2\/comments?post=2379"}],"version-history":[{"count":1,"href":"https:\/\/oraexacta.net\/blog\/wp-json\/wp\/v2\/posts\/2379\/revisions"}],"predecessor-version":[{"id":2381,"href":"https:\/\/oraexacta.net\/blog\/wp-json\/wp\/v2\/posts\/2379\/revisions\/2381"}],"wp:featuredmedia":[{"embeddable":true,"href":"https:\/\/oraexacta.net\/blog\/wp-json\/wp\/v2\/media\/2380"}],"wp:attachment":[{"href":"https:\/\/oraexacta.net\/blog\/wp-json\/wp\/v2\/media?parent=2379"}],"wp:term":[{"taxonomy":"category","embeddable":true,"href":"https:\/\/oraexacta.net\/blog\/wp-json\/wp\/v2\/categories?post=2379"},{"taxonomy":"post_tag","embeddable":true,"href":"https:\/\/oraexacta.net\/blog\/wp-json\/wp\/v2\/tags?post=2379"}],"curies":[{"name":"wp","href":"https:\/\/api.w.org\/{rel}","templated":true}]}}