{"id":2414,"date":"2026-01-18T17:23:58","date_gmt":"2026-01-18T17:23:58","guid":{"rendered":"https:\/\/oraexacta.net\/blog\/?p=2414"},"modified":"2026-01-18T17:24:00","modified_gmt":"2026-01-18T17:24:00","slug":"optimus-light-cu-solutii-b2b-pentru-retail-si-horeca-a-avut-afaceri-de-peste-1-mil-euro-in-2025","status":"publish","type":"post","link":"https:\/\/oraexacta.net\/blog\/2026\/01\/18\/optimus-light-cu-solutii-b2b-pentru-retail-si-horeca-a-avut-afaceri-de-peste-1-mil-euro-in-2025\/","title":{"rendered":"Optimus Light, cu solu\u021bii B2B pentru retail \u0219i HoReCa, a avut afaceri de peste 1 mil. euro \u00een 2025"},"content":{"rendered":"\n<p>Optimus Light, companie rom\u00e2neasc\u0103 specializat\u0103 \u00een sisteme integrate de refrigerare pentru spa\u021bii comerciale, instala\u021bii electrice \u0219i automatizare pentru retail \u0219i HoReCa, a \u00eencheiat anul 2025 cu o cifr\u0103 de afaceri de peste un milion de euro, marc\u00e2nd un an de consolidare a activit\u0103\u021bii \u0219i confirm\u00e2nd maturizarea modelului s\u0103u de business.<\/p>\n\n\n\n<p>Comparativ cu anul 2024, \u00een 2025 cererea pentru solu\u021bii integrate de refrigerare a crescut cu 90% \u00een retail \u0219i cu 50% \u00een HoReCa, pe fondul interesului tot mai mare al clien\u021bilor pentru solu\u021bii eficiente energetic, sisteme de control \u00een timp real \u0219i tehnologii moderne de frig comercial.<\/p>\n\n\n\n<p>\u00cen ultimii nou\u0103 ani, compania a \u00eenregistrat o evolu\u021bie constant\u0103, sus\u021binut\u0103 de cre\u0219terea cererii pentru solu\u021bii de monitorizare \u0219i modernizare a sistemelor de refrigerare comercial\u0103, extinderea portofoliului de servicii \u0219i pozi\u021bionarea ca furnizor de solu\u021bii integrate, consolid\u00e2nd rolul companiei pe pia\u021b\u0103.<\/p>\n\n\n\n<p>\u201d\u00cen ultimii ani, am trecut de la proiecte punctuale la parteneriate pe termen lung, infrastructura lan\u021bului de frig devenind din ce \u00een ce mai strategic\u0103 pentru siguran\u021ba alimentar\u0103 \u0219i continuitatea opera\u021bional\u0103. Anul 2025 a fost marcat de presiuni crescute asupra costurilor energetice, intensificarea controalelor privind siguran\u021ba alimentar\u0103 \u0219i o nevoie tot mai mare de stabilitate opera\u021bional\u0103 \u00een retail \u0219i HoReCa. Iat\u0103 de ce companiile au \u00eenceput s\u0103 trateze infrastructura de refrigerare ca pe un element strategic, cu solu\u021bii durabile care s\u0103 ofere control \u0219i s\u0103 optimizeze consumul energetic\u201d, a declarat R\u0103zvan Ingeaua, director general Optimus Light.<\/p>\n\n\n\n<p>Pentru anul 2026, Optimus Light estimeaz\u0103 dublarea cererii pentru sisteme integrate de refrigerare pentru retail \u0219i HoReCa, cu accent pe solu\u021bii eficiente energetic, sisteme de monitorizare \u0219i tehnologii moderne, inclusiv sisteme pe CO\u2082 cu cre\u0219terea investi\u021biei \u00een solu\u021bii durabile.<\/p>\n\n\n\n<p>Optimus Light este o companie rom\u00e2neasc\u0103 specializat\u0103 \u00een solu\u021bii complete de refrigerare comercial\u0103, instala\u021bii electrice \u0219i automatizare pentru retail \u0219i HoReCa, \u00eenfiin\u021bat\u0103 \u00een 2017 de R\u0103zvan Ingeaua. Compania ofer\u0103 servicii de montaj, integrare, monitorizare \u0219i preven\u021bie, cu accent pe siguran\u021b\u0103 opera\u021bional\u0103 \u0219i eficien\u021b\u0103 energetic\u0103.<\/p>\n\n\n\n<p>Optimus Light colaboreaz\u0103 cu juc\u0103tori importan\u021bi din retail \u0219i cash &amp; carry, Kaufland, Carrefour Hypermarket, Auchan, Metro, Selgros, Lidl, Penny, Mega Image \u0219i Cora, pozi\u021bion\u00e2ndu-se ca partener tehnic de \u00eencredere pentru infrastructura de refrigerare \u0219i automatizare din spa\u021biile comerciale de mari dimensiuni.<\/p>\n","protected":false},"excerpt":{"rendered":"<p>Optimus Light, companie rom\u00e2neasc\u0103 specializat\u0103 \u00een sisteme integrate de refrigerare pentru spa\u021bii comerciale, instala\u021bii electrice \u0219i automatizare pentru retail \u0219i HoReCa, a \u00eencheiat anul 2025 cu o cifr\u0103 de afaceri de peste un milion de euro, marc\u00e2nd un an de consolidare a activit\u0103\u021bii \u0219i confirm\u00e2nd maturizarea modelului s\u0103u de business. [&hellip;]<\/p>\n","protected":false},"author":1,"featured_media":2415,"comment_status":"closed","ping_status":"closed","sticky":false,"template":"","format":"standard","meta":[],"categories":[3,2],"tags":[],"_links":{"self":[{"href":"https:\/\/oraexacta.net\/blog\/wp-json\/wp\/v2\/posts\/2414"}],"collection":[{"href":"https:\/\/oraexacta.net\/blog\/wp-json\/wp\/v2\/posts"}],"about":[{"href":"https:\/\/oraexacta.net\/blog\/wp-json\/wp\/v2\/types\/post"}],"author":[{"embeddable":true,"href":"https:\/\/oraexacta.net\/blog\/wp-json\/wp\/v2\/users\/1"}],"replies":[{"embeddable":true,"href":"https:\/\/oraexacta.net\/blog\/wp-json\/wp\/v2\/comments?post=2414"}],"version-history":[{"count":1,"href":"https:\/\/oraexacta.net\/blog\/wp-json\/wp\/v2\/posts\/2414\/revisions"}],"predecessor-version":[{"id":2416,"href":"https:\/\/oraexacta.net\/blog\/wp-json\/wp\/v2\/posts\/2414\/revisions\/2416"}],"wp:featuredmedia":[{"embeddable":true,"href":"https:\/\/oraexacta.net\/blog\/wp-json\/wp\/v2\/media\/2415"}],"wp:attachment":[{"href":"https:\/\/oraexacta.net\/blog\/wp-json\/wp\/v2\/media?parent=2414"}],"wp:term":[{"taxonomy":"category","embeddable":true,"href":"https:\/\/oraexacta.net\/blog\/wp-json\/wp\/v2\/categories?post=2414"},{"taxonomy":"post_tag","embeddable":true,"href":"https:\/\/oraexacta.net\/blog\/wp-json\/wp\/v2\/tags?post=2414"}],"curies":[{"name":"wp","href":"https:\/\/api.w.org\/{rel}","templated":true}]}}