{"id":2441,"date":"2026-01-21T20:03:13","date_gmt":"2026-01-21T20:03:13","guid":{"rendered":"https:\/\/oraexacta.net\/blog\/?p=2441"},"modified":"2026-01-21T20:03:15","modified_gmt":"2026-01-21T20:03:15","slug":"tehnologia-blade-battery-a-modelelor-auto-byd-vine-acum-cu-garantie-extinsa-la-8-ani-sau-250-000-km","status":"publish","type":"post","link":"https:\/\/oraexacta.net\/blog\/2026\/01\/21\/tehnologia-blade-battery-a-modelelor-auto-byd-vine-acum-cu-garantie-extinsa-la-8-ani-sau-250-000-km\/","title":{"rendered":"Tehnologia Blade Battery a modelelor auto BYD vine acum cu garan\u021bie extins\u0103 la 8 ani sau 250.000 km"},"content":{"rendered":"\n<p>Tehnologia Blade Battery st\u0103 la baza tuturor modelelor BYD cu energie nou\u0103 (NEV) \u2013 at\u00e2t pur electrice, c\u00e2t \u0219i Super Hybrid. Aceste autovehicule beneficiaz\u0103 deja de o garan\u021bie de baz\u0103 de \u0219ase ani sau 150.000 km, precum \u0219i de o garan\u021bie de 12 ani anti-perforare, f\u0103r\u0103 limit\u0103 de kilometri, \u0219i o acoperire de opt ani sau 150.000 km a sistemului de propulsie electric\u0103.<\/p>\n\n\n\n<p>BYD a majorat limita de kilometraj a garan\u021biei specifice pentru bateria Blade la 250.000 km, p\u0103str\u00e2nd \u00een acela\u0219i timp durata de opt ani \u0219i un nivel minim garantat al SOH de 70%. M\u0103sura de extindere a limitei de kilometri are rolul de a consolida \u00eencrederea \u00een vehiculele cu energie nou\u0103 \u0219i se aplic\u0103 at\u00e2t vehiculelor noi, c\u00e2t \u0219i \u00eentregii game BYD existente. Astfel, actualii proprietari europeni de modele BYD electrice sau Super Hybrid vor beneficia automat de aceast\u0103 acoperire extins\u0103.<\/p>\n\n\n\n<p>Proiectat\u0103 pentru a dep\u0103\u0219i limitele bateriilor tradi\u021bionale printr-o structur\u0103 revolu\u021bionar\u0103, bateria Blade combin\u0103 un design inovator, materiale de \u00eenalt\u0103 rezisten\u021b\u0103 \u0219i sisteme avansate de management al energiei. Rezultatul este un echilibru unic \u00eentre siguran\u021b\u0103, eficien\u021b\u0103 \u0219i durabilitate.<\/p>\n\n\n\n<p>Bateria Blade este realizat\u0103 folosind tehnologia cu fosfat de litiu \u0219i fier (LFP), care ofer\u0103 un nivel superior de siguran\u021b\u0103, durabilitate \u0219i sustenabilitate, elimin\u00e2nd totodat\u0103 dependen\u021ba de materiale valoroase precum nichelul \u0219i cobaltul \u0219i reduc\u00e2nd impactul asupra mediului.<\/p>\n\n\n\n<p>\u00cen urma unor teste intensive de solicitare \u0219i anduran\u021b\u0103, bateria Blade s-a dovedit capabil\u0103 s\u0103 dep\u0103\u0219easc\u0103 3.000 de cicluri de \u00eenc\u0103rcare \u0219i desc\u0103rcare, cu o durat\u0103 de via\u021b\u0103 echivalent\u0103 cu 1,2 milioane de kilometri.<\/p>\n\n\n\n<p>Aceasta a ob\u021binut rezultate remarcabile \u00een evalu\u0103rile de siguran\u021b\u0103 extrem\u0103, precum testul de penetrare cu un obiect ascu\u021bit, \u00een care temperatura la suprafa\u021b\u0103 r\u0103m\u00e2ne sub 60\u00b0C, de zece ori mai mic\u0103 dec\u00e2t cea a unei baterii conven\u021bionale. De asemenea, a demonstrat o rezisten\u021b\u0103 excep\u021bional\u0103 \u00een testele de supra\u00eenc\u0103rcare, temperaturi extreme, strivire, imersie \u00een ap\u0103 s\u0103rat\u0103 \u0219i c\u0103dere, dep\u0103\u0219ind cu mult standardele interna\u021bionale de siguran\u021b\u0103.<\/p>\n\n\n\n<p>Designul \u00een form\u0103 de lam\u0103 permite fiec\u0103rei celule s\u0103 func\u021bioneze ca un element structural transversal, sporind rigiditatea torsional\u0103 a ansamblului \u0219i oferind un nivel excep\u021bional de protec\u021bie la impact \u0219i deformare. Fiecare celul\u0103, compact\u0103 \u0219i u\u0219oar\u0103, este integrat\u0103 \u00eentr-un modul care reduce volumul ocupat cu 50% fa\u021b\u0103 de bateriile tradi\u021bionale, permi\u021b\u00e2nd designerilor s\u0103 maximizeze spa\u021biul interior \u0219i s\u0103 optimizeze arhitectura autovehiculului.<\/p>\n\n\n\n<p>Datorit\u0103 acestor inova\u021bii, bateria Blade stabile\u0219te un nou standard \u00een materie de siguran\u021b\u0103, fiabilitate \u0219i performan\u021b\u0103, oferind autonomii semnificative \u2014 cum ar fi 570 km \u00een ciclul combinat pentru BYD SEAL Design \u2014 sau viteze ridicate de \u00eenc\u0103rcare, precum cele ale modelului BYD SEALION 7 Excellence AWD, care dispune de o putere maxim\u0103 de \u00eenc\u0103rcare DC de 230 kW \u0219i poate \u00eenc\u0103rca de la 30% la 80% \u00een doar 18 minute.<\/p>\n\n\n\n<p>Aceast\u0103 garan\u021bie este valabil\u0103 \u00een Spa\u021biul Economic European (SEE), Elve\u021bia \u0219i Regatul Unit.<\/p>\n\n\n\n<p>SEE: Austria, Belgia, Bulgaria, Croa\u021bia, Cipru, Republica Ceh\u0103, Danemarca, Estonia, Finlanda, Fran\u021ba, Germania, Grecia, Ungaria, Irlanda, Italia, Letonia, Lituania, Luxemburg, Malta, \u021a\u0103rile de Jos, Polonia, Portugalia, Rom\u00e2nia, Slovacia, Slovenia, Spania, Suedia, Islanda, Liechtenstein, Norvegia.<\/p>\n\n\n\n<p>Fondat\u0103 \u00een 2003, BYD Auto este divizia auto a BYD, o companie multina\u021bional\u0103 de \u00eenalt\u0103 tehnologie dedicat\u0103 valorific\u0103rii inova\u021biilor tehnologice pentru o via\u021b\u0103 mai bun\u0103. Av\u00e2nd ca obiectiv accelerarea tranzi\u021biei verzi a sectorului global al transporturilor, BYD Auto se concentreaz\u0103 pe dezvoltarea de vehicule 100% electrice \u0219i hibride plug-in. Compania st\u0103p\u00e2ne\u0219te tehnologiile de baz\u0103 ale \u00eentregului lan\u021b industrial al vehiculelor cu energie nou\u0103, precum bateriile, motoarele electrice, controlerele electronice \u0219i semiconductorii de uz auto.<\/p>\n\n\n\n<p>\u00cen ultimii ani, a \u00eenregistrat progrese tehnologice semnificative, inclusiv bateria Blade, tehnologiile hibride DM-i \u0219i DM-p, platforma e-Platform 3.0, tehnologiile CTB \u0219i iTAC, sistemul inteligent de control al caroseriei DiSus \u0219i arhitectura XUANJI. Compania este primul produc\u0103tor auto din lume care a oprit produc\u021bia de vehicule cu combustibili fosili \u00een favoarea trecerii la vehicule electrice \u0219i se men\u021bine pe primul loc \u00een v\u00e2nz\u0103rile de autoturisme cu energie nou\u0103 \u00een China de zece ani consecutiv.<\/p>\n\n\n\n<p>BYD Europe are sediul central \u00een \u021a\u0103rile de Jos \u0219i este prima filial\u0103 interna\u021bional\u0103 a Grupului BYD, av\u00e2nd ca obiectiv dezvoltarea brandului global BYD Auto pentru a oferi solu\u021bii sigure, eficiente \u0219i sustenabile \u00een domeniul vehiculelor cu energie nou\u0103, prin inova\u021bii tehnologice de nivel mondial.<\/p>\n","protected":false},"excerpt":{"rendered":"<p>Tehnologia Blade Battery st\u0103 la baza tuturor modelelor BYD cu energie nou\u0103 (NEV) \u2013 at\u00e2t pur electrice, c\u00e2t \u0219i Super Hybrid. Aceste autovehicule beneficiaz\u0103 deja de o garan\u021bie de baz\u0103 de \u0219ase ani sau 150.000 km, precum \u0219i de o garan\u021bie de 12 ani anti-perforare, f\u0103r\u0103 limit\u0103 de kilometri, \u0219i [&hellip;]<\/p>\n","protected":false},"author":1,"featured_media":2442,"comment_status":"closed","ping_status":"closed","sticky":false,"template":"","format":"standard","meta":[],"categories":[3,2],"tags":[],"_links":{"self":[{"href":"https:\/\/oraexacta.net\/blog\/wp-json\/wp\/v2\/posts\/2441"}],"collection":[{"href":"https:\/\/oraexacta.net\/blog\/wp-json\/wp\/v2\/posts"}],"about":[{"href":"https:\/\/oraexacta.net\/blog\/wp-json\/wp\/v2\/types\/post"}],"author":[{"embeddable":true,"href":"https:\/\/oraexacta.net\/blog\/wp-json\/wp\/v2\/users\/1"}],"replies":[{"embeddable":true,"href":"https:\/\/oraexacta.net\/blog\/wp-json\/wp\/v2\/comments?post=2441"}],"version-history":[{"count":1,"href":"https:\/\/oraexacta.net\/blog\/wp-json\/wp\/v2\/posts\/2441\/revisions"}],"predecessor-version":[{"id":2443,"href":"https:\/\/oraexacta.net\/blog\/wp-json\/wp\/v2\/posts\/2441\/revisions\/2443"}],"wp:featuredmedia":[{"embeddable":true,"href":"https:\/\/oraexacta.net\/blog\/wp-json\/wp\/v2\/media\/2442"}],"wp:attachment":[{"href":"https:\/\/oraexacta.net\/blog\/wp-json\/wp\/v2\/media?parent=2441"}],"wp:term":[{"taxonomy":"category","embeddable":true,"href":"https:\/\/oraexacta.net\/blog\/wp-json\/wp\/v2\/categories?post=2441"},{"taxonomy":"post_tag","embeddable":true,"href":"https:\/\/oraexacta.net\/blog\/wp-json\/wp\/v2\/tags?post=2441"}],"curies":[{"name":"wp","href":"https:\/\/api.w.org\/{rel}","templated":true}]}}