{"id":2478,"date":"2026-01-29T13:58:26","date_gmt":"2026-01-29T13:58:26","guid":{"rendered":"https:\/\/oraexacta.net\/blog\/?p=2478"},"modified":"2026-01-29T13:58:30","modified_gmt":"2026-01-29T13:58:30","slug":"eveniment-special-la-muzeul-national-de-arta-al-romaniei-in-cadrul-expozitiei-jozsef-klein","status":"publish","type":"post","link":"https:\/\/oraexacta.net\/blog\/2026\/01\/29\/eveniment-special-la-muzeul-national-de-arta-al-romaniei-in-cadrul-expozitiei-jozsef-klein\/","title":{"rendered":"Eveniment special la Muzeul Na\u021bional de Art\u0103 al Rom\u00e2niei, \u00een cadrul expozi\u021biei J\u00f3zsef Klein"},"content":{"rendered":"\n<p>Muzeul Na\u021bional de Art\u0103 al Rom\u00e2niei organizeaz\u0103 pe data de 4 februarie 2026 un eveniment special \u00een expozi\u021bia temporar\u0103 \u201eJ\u00f3zsef Klein \u0219i \u0218coala de la Baia Mare\u201d, \u00een contextul anului jubiliar 2026, dedicat \u00eemplinirii a 130 de ani de la na\u0219terea artistului J\u00f3zsef Klein (1896-1945) \u0219i anivers\u0103rii a 130 de ani de la \u00eenfiin\u021barea \u0218colii de pictur\u0103 de la Baia Mare (1896\u20132026).<\/p>\n\n\n\n<p>Evenimentul cuprinde un tur ghidat interactiv, de la ora 16.00, \u00een expozi\u021bia \u201eJ\u00f3zsef Klein \u0219i \u0218coala de la Baia Mare\u201d sus\u021binut de curatorii Robert Strebeli, director Muzeul Jude\u0163ean de Art\u0103 \u00abCentrul Artistic Baia Mare\u00bb \u0219i Alina Petrescu, \u0219ef Sec\u021bia de Art\u0103 Rom\u00e2neasc\u0103 Modern\u0103, Muzeul Na\u021bional de Art\u0103 al Rom\u00e2niei.<\/p>\n\n\n\n<p>Turul ghidat are o durat\u0103 de 60 de minute, cu opriri tematice la lucr\u0103ri-cheie, \u0219i propune urm\u0103toarele subiecte de discu\u021bie:<\/p>\n\n\n\n<p>\u2022 pedagogia lui Simon Holl\u00f3sy \u0219i metoda studiului dup\u0103 natur\u0103 (plein-air);<\/p>\n\n\n\n<p>\u2022 transform\u0103rile limbajului vizual \u0219i respingerea academismului;<\/p>\n\n\n\n<p>\u2022 J\u00f3zsef Klein ca artist al comunit\u0103\u021bii \u0219i al lumii sociale, cu o expresie realist\u0103, dar deschis\u0103 c\u0103tre modernitate;<\/p>\n\n\n\n<p>\u2022 experien\u021ba parizian\u0103 \u0219i asimilarea influen\u021belor europene (impresionism, fovism, Noua Obiectivitate);<\/p>\n\n\n\n<p>\u2022 dimensiunea memorial\u0103: deportarea lui Klein \u0219i a so\u021biei sale Piroska Kohn, dispari\u021bia \u00een Auschwitz-Birkenau \u0219i responsabilitatea muzeului \u00een p\u0103strarea memoriei culturale.<\/p>\n\n\n\n<p>\u00cen \u00eencheiere are loc sesiune de \u00eentreb\u0103ri \u0219i r\u0103spunsuri. Accesul este gratuit \u00een limita a 40 de persoane.<\/p>\n\n\n\n<p>\u00cen plus, au loc \u0219i activit\u0103\u021bi educative pentru elevi, printr-un atelier conceput special pentru tematica expozi\u021biei de educatorii muzeali ai Sec\u021biei Educa\u021bie, Comunicare \u0219i Proiecte Culturale, Muzeul Na\u021bional de Art\u0103 al Rom\u00e2niei.<\/p>\n\n\n\n<p>Expozi\u021bia \u201eJ\u00f3zsef Klein \u0219i \u0218coala de la Baia Mare\u201d cuprinde o ampl\u0103 selec\u021bie de lucr\u0103ri de pictur\u0103, grafic\u0103, sculptur\u0103 \u0219i documente, provenite majoritar din atelierul pictorului \u0219i devenite parte din patrimoniul Muzeul Jude\u0163ean de Art\u0103 \u00abCentrul Artistic Baia Mare\u00bb. Acestora li se al\u0103tur\u0103 lucr\u0103ri de la Muzeul Na\u021bional de Art\u0103 al Rom\u00e2niei, Arhivele Na\u021bionale ale Rom\u00e2niei \u2013 Serviciul Jude\u021bean Maramure\u0219, Muzeului de Art\u0103 din Cluj, Centrul de Cultur\u0103, Art\u0103 \u0219i Agrement din T\u00e2rgu-Mure\u0219, dar \u0219i din colec\u021bii private din Budapesta \u0219i din Paris.<\/p>\n\n\n\n<p>Este pentru prima dat\u0103 c\u00e2nd publicul din Bucure\u0219ti are ocazia s\u0103 vad\u0103 80 de opere din crea\u021bia lui J\u00f3zsef Klein, care prezint\u0103 opera artistului dintr-o perspectiv\u0103 nou\u0103, pu\u021bin cercetat\u0103, ca membru al Coloniei artistice de la Baia Mare.<\/p>\n\n\n\n<p>N\u0103scut \u00eentr-o familie modest\u0103 de origine evreiasc\u0103 din jude\u021bul Arad, J\u00f3zsef Klein a fost marcat de o copil\u0103rire plin\u0103 de neajunsuri \u0219i greut\u0103\u021bi, motiv pentru care scenele din via\u021ba cotidian\u0103 a oamenilor simpli au devenit o tem\u0103 recurent\u0103 \u00een pictura sa. Suferin\u021bele celor mul\u021bi din primii ani l-au f\u0103cut s\u0103 \u00eenf\u0103\u021bi\u0219eze lumea \u00eenconjur\u0103toare \u00eentr-o manier\u0103 realist\u0103. \u00cen ciuda condi\u021biilor precare \u0219i a discrimin\u0103rii care l-au urm\u0103rit toat\u0103 via\u021ba, Klein a dat dovad\u0103 de o perseveren\u021b\u0103 greu de egalat \u0219i a devenit creatorul unei arte atente la dramele omului de r\u00e2nd, care a \u00eembog\u0103\u021bit formele picturii tradi\u021bionale cu experimente ale impresionismului \u0219i fovismului.<\/p>\n\n\n\n<p>Expozi\u021bia \u201eJ\u00f3zsef Klein \u0219i \u0218coala de la Baia Mare\u201d este p\u00e2n\u0103 pe 28 februarie 2026 la parterul Galeriei Na\u021bionale, Calea Victoriei 49-53.<\/p>\n","protected":false},"excerpt":{"rendered":"<p>Muzeul Na\u021bional de Art\u0103 al Rom\u00e2niei organizeaz\u0103 pe data de 4 februarie 2026 un eveniment special \u00een expozi\u021bia temporar\u0103 \u201eJ\u00f3zsef Klein \u0219i \u0218coala de la Baia Mare\u201d, \u00een contextul anului jubiliar 2026, dedicat \u00eemplinirii a 130 de ani de la na\u0219terea artistului J\u00f3zsef Klein (1896-1945) \u0219i anivers\u0103rii a 130 de [&hellip;]<\/p>\n","protected":false},"author":1,"featured_media":2479,"comment_status":"closed","ping_status":"closed","sticky":false,"template":"","format":"standard","meta":[],"categories":[2],"tags":[],"_links":{"self":[{"href":"https:\/\/oraexacta.net\/blog\/wp-json\/wp\/v2\/posts\/2478"}],"collection":[{"href":"https:\/\/oraexacta.net\/blog\/wp-json\/wp\/v2\/posts"}],"about":[{"href":"https:\/\/oraexacta.net\/blog\/wp-json\/wp\/v2\/types\/post"}],"author":[{"embeddable":true,"href":"https:\/\/oraexacta.net\/blog\/wp-json\/wp\/v2\/users\/1"}],"replies":[{"embeddable":true,"href":"https:\/\/oraexacta.net\/blog\/wp-json\/wp\/v2\/comments?post=2478"}],"version-history":[{"count":1,"href":"https:\/\/oraexacta.net\/blog\/wp-json\/wp\/v2\/posts\/2478\/revisions"}],"predecessor-version":[{"id":2480,"href":"https:\/\/oraexacta.net\/blog\/wp-json\/wp\/v2\/posts\/2478\/revisions\/2480"}],"wp:featuredmedia":[{"embeddable":true,"href":"https:\/\/oraexacta.net\/blog\/wp-json\/wp\/v2\/media\/2479"}],"wp:attachment":[{"href":"https:\/\/oraexacta.net\/blog\/wp-json\/wp\/v2\/media?parent=2478"}],"wp:term":[{"taxonomy":"category","embeddable":true,"href":"https:\/\/oraexacta.net\/blog\/wp-json\/wp\/v2\/categories?post=2478"},{"taxonomy":"post_tag","embeddable":true,"href":"https:\/\/oraexacta.net\/blog\/wp-json\/wp\/v2\/tags?post=2478"}],"curies":[{"name":"wp","href":"https:\/\/api.w.org\/{rel}","templated":true}]}}