{"id":2803,"date":"2026-03-14T20:10:48","date_gmt":"2026-03-14T20:10:48","guid":{"rendered":"https:\/\/oraexacta.net\/blog\/?p=2803"},"modified":"2026-03-14T20:10:51","modified_gmt":"2026-03-14T20:10:51","slug":"ce-inseamna-zenosyne-si-care-este-originea-filosofica-a-conceptului","status":"publish","type":"post","link":"https:\/\/oraexacta.net\/blog\/2026\/03\/14\/ce-inseamna-zenosyne-si-care-este-originea-filosofica-a-conceptului\/","title":{"rendered":"Ce \u00eenseamn\u0103 Zenosyne \u0219i care este originea filosofic\u0103 a conceptului"},"content":{"rendered":"\n<p>Zenosyne este un concept fascinant care a captat aten\u021bia celor interesa\u021bi de filosofie, psihologie \u0219i studiul timpului. Termenul, relativ pu\u021bin cunoscut \u00een cultura general\u0103, descrie senza\u021bia c\u0103 timpul pare s\u0103 treac\u0103 tot mai repede pe m\u0103sur\u0103 ce \u00eenaint\u0103m \u00een v\u00e2rst\u0103.<\/p>\n\n\n\n<p> Acest fenomen subiectiv, resim\u021bit de mul\u021bi oameni, are implica\u021bii profunde \u00een modul \u00een care percepem via\u021ba, evenimentele \u0219i experien\u021bele noastre. Conceptul combin\u0103 observa\u021bii filozofice, experien\u021be psihologice \u0219i reflec\u021bii asupra efemerit\u0103\u021bii existen\u021bei.<\/p>\n\n\n\n<p>Originea termenului Zenosyne provine dintr-o \u00eencercare de a explica aceast\u0103 percep\u021bie temporal\u0103 accelerat\u0103 \u0219i a fost popularizat\u0103 \u00een mediile filosofice \u0219i online de persoane care discut\u0103 despre percep\u021bia timpului \u0219i despre modul \u00een care aceasta se schimb\u0103 odat\u0103 cu \u00eenaintarea \u00een v\u00e2rst\u0103. Fenomenul are leg\u0103turi cu observa\u021biile filozofice antice, dar \u0219i cu teoriile moderne din psihologie \u0219i neuro\u0219tiin\u021be.<\/p>\n\n\n\n<h2 class=\"wp-block-heading\">Originea filosofic\u0103 a conceptului<\/h2>\n\n\n\n<p>De\u0219i termenul Zenosyne este relativ modern, ideea c\u0103 timpul pare s\u0103 treac\u0103 mai repede pe m\u0103sur\u0103 ce \u00eemb\u0103tr\u00e2nim are r\u0103d\u0103cini \u00een reflec\u021biile filosofilor antici. Aristotel, de exemplu, a discutat despre percep\u021bia timpului ca fiind subiectiv\u0103 \u0219i dependent\u0103 de experien\u021bele individului. El sublinia faptul c\u0103 modul \u00een care oamenii percep trecerea timpului nu este uniform \u0219i poate fi influen\u021bat de intensitatea evenimentelor \u0219i de aten\u021bia acordat\u0103 acestora.<\/p>\n\n\n\n<p>Ulterior, filosofii medievali \u0219i cei din perioada modern\u0103 au continuat s\u0103 exploreze ideea subiectivit\u0103\u021bii timpului. John Locke, \u00een secolul al XVII-lea, a discutat despre experien\u021ba intern\u0103 a timpului \u0219i despre diferen\u021ba dintre timpul obiectiv, m\u0103surat \u00een unit\u0103\u021bi fixe, \u0219i timpul tr\u0103it de individ. Aceste concep\u021bii au contribuit la \u00een\u021belegerea faptului c\u0103 percep\u021bia timpului este influen\u021bat\u0103 de memorie, aten\u021bie \u0219i experien\u021be personale.<\/p>\n\n\n\n<h2 class=\"wp-block-heading\">Explica\u021bii psihologice ale fenomenului<\/h2>\n\n\n\n<p>Pe l\u00e2ng\u0103 perspectiva filosofic\u0103, Zenosyne poate fi analizat \u0219i prin prisma psihologiei. Experien\u021ba c\u0103 timpul trece mai repede pe m\u0103sur\u0103 ce \u00eemb\u0103tr\u00e2nim este adesea legat\u0103 de modul \u00een care creierul proceseaz\u0103 informa\u021biile \u0219i evenimentele. Studiile sugereaz\u0103 c\u0103 atunci c\u00e2nd tr\u0103im experien\u021be noi \u0219i neobi\u0219nuite, creierul acord\u0103 mai mult\u0103 aten\u021bie \u0219i timpul pare s\u0103 treac\u0103 mai \u00eencet. Pe m\u0103sur\u0103 ce acumul\u0103m rutin\u0103 \u0219i experien\u021be familiare, creierul proceseaz\u0103 informa\u021biile mai rapid, iar percep\u021bia subiectiv\u0103 a timpului se accelereaz\u0103.<\/p>\n\n\n\n<p>Acest fenomen explic\u0103 de ce copiii percep zilele ca fiind mai lungi \u0219i de ce vacan\u021bele sau momentele speciale par s\u0103 dureze mai mult atunci c\u00e2nd sunt tr\u0103ite intens. La adul\u021bi, rutina zilnic\u0103 \u0219i repetitivitatea pot contribui la senza\u021bia c\u0103 timpul \u201ezboar\u0103\u201d, ceea ce este esen\u021ba experien\u021bei descrise de Zenosyne.<\/p>\n\n\n\n<h2 class=\"wp-block-heading\">Leg\u0103tura cu filosofia existen\u021bial\u0103<\/h2>\n\n\n\n<p>Zenosyne are \u0219i implica\u021bii filozofice mai profunde, fiind conectat la reflec\u021biile asupra efemerit\u0103\u021bii vie\u021bii \u0219i asupra con\u0219tientiz\u0103rii timpului. Filozofii existen\u021biali\u0219ti, precum Jean-Paul Sartre sau Martin Heidegger, au discutat despre modul \u00een care percep\u021bia timpului influen\u021beaz\u0103 modul \u00een care oamenii \u00ee\u0219i tr\u0103iesc via\u021ba \u0219i iau decizii. Con\u0219tientizarea trecerii accelerate a timpului poate genera un sentiment de urgen\u021b\u0103, dar \u0219i o apreciere mai profund\u0103 a momentelor prezente.<\/p>\n\n\n\n<p>Conceptul de Zenosyne ne provoac\u0103 s\u0103 reflect\u0103m asupra felului \u00een care ne organiz\u0103m via\u021ba \u0219i asupra modului \u00een care ne raport\u0103m la experien\u021bele noastre. \u00cen\u021belepciunea filosofic\u0103 ne sugereaz\u0103 c\u0103 percep\u021bia timpului poate fi influen\u021bat\u0103 nu doar de factori externi, ci \u0219i de atitudinea \u0219i gradul de implicare \u00een experien\u021bele noastre cotidiene.<\/p>\n\n\n\n<h2 class=\"wp-block-heading\">Impactul \u00een cultura modern\u0103 \u0219i discu\u021biile online<\/h2>\n\n\n\n<p>Zenosyne a c\u00e2\u0219tigat popularitate \u00een ultimii ani \u0219i prin intermediul culturii online \u0219i al discu\u021biilor pe forumuri \u0219i re\u021bele sociale. Mul\u021bi utilizatori au relatat experien\u021be personale legate de percep\u021bia accelerat\u0103 a timpului, cre\u00e2nd un interes comun pentru fenomen \u0219i pentru metode de a-l \u00een\u021belege \u0219i gestiona. Discu\u021biile online au contribuit la r\u0103sp\u00e2ndirea termenului \u0219i la legarea lui de observa\u021bii psihologice \u0219i filozofice.<\/p>\n\n\n\n<p>Aceast\u0103 popularizare a f\u0103cut ca Zenosyne s\u0103 fie folosit nu doar \u00een cercurile filosofice, ci \u0219i \u00een articole de lifestyle, \u00een podcasturi despre psihologie \u0219i \u00een publica\u021bii despre dezvoltare personal\u0103. \u00cen acest fel, conceptul a devenit un punct de reflec\u021bie pentru mul\u021bi oameni preocupa\u021bi de cum \u00ee\u0219i folosesc timpul \u0219i de modul \u00een care experien\u021bele de via\u021b\u0103 influen\u021beaz\u0103 percep\u021bia trecerii timpului.<\/p>\n\n\n\n<p>Zenosyne reprezint\u0103 mai mult dec\u00e2t o simpl\u0103 senza\u021bie; este un concept care combin\u0103 observa\u021bii filosofice, perspective psihologice \u0219i experien\u021be subiective ale timpului. \u00cen\u021belegerea acestuia poate ajuta oamenii s\u0103 con\u0219tientizeze modul \u00een care percep timpul \u0219i s\u0103 adopte strategii pentru a tr\u0103i mai intens prezentul. <\/p>\n\n\n\n<p>Conceptul are r\u0103d\u0103cini \u00een reflec\u021biile antice \u0219i moderne asupra timpului \u0219i continu\u0103 s\u0103 fie relevant \u00een contextul vie\u021bii cotidiene \u0219i al discu\u021biilor despre percep\u021bia personal\u0103 a realit\u0103\u021bii.<\/p>\n\n\n\n<p>Prin explorarea fenomenului Zenosyne, indivizii pot \u00eenv\u0103\u021ba s\u0103 aprecieze momentele unice, s\u0103 reduc\u0103 impactul rutinei \u0219i s\u0103 dezvolte o atitudine mai con\u0219tient\u0103 fa\u021b\u0103 de trecerea timpului. Conceptul ne aminte\u0219te c\u0103, de\u0219i timpul poate p\u0103rea s\u0103 accelereze odat\u0103 cu v\u00e2rsta, modul \u00een care \u00eel percepem \u0219i \u00eel valoriz\u0103m poate fi influen\u021bat de aten\u021bia \u0219i implicarea noastr\u0103 \u00een experien\u021bele de zi cu zi.<\/p>\n","protected":false},"excerpt":{"rendered":"<p>Zenosyne este un concept fascinant care a captat aten\u021bia celor interesa\u021bi de filosofie, psihologie \u0219i studiul timpului. Termenul, relativ pu\u021bin cunoscut \u00een cultura general\u0103, descrie senza\u021bia c\u0103 timpul pare s\u0103 treac\u0103 tot mai repede pe m\u0103sur\u0103 ce \u00eenaint\u0103m \u00een v\u00e2rst\u0103. Acest fenomen subiectiv, resim\u021bit de mul\u021bi oameni, are implica\u021bii profunde [&hellip;]<\/p>\n","protected":false},"author":2,"featured_media":2804,"comment_status":"closed","ping_status":"closed","sticky":false,"template":"","format":"standard","meta":[],"categories":[2],"tags":[],"_links":{"self":[{"href":"https:\/\/oraexacta.net\/blog\/wp-json\/wp\/v2\/posts\/2803"}],"collection":[{"href":"https:\/\/oraexacta.net\/blog\/wp-json\/wp\/v2\/posts"}],"about":[{"href":"https:\/\/oraexacta.net\/blog\/wp-json\/wp\/v2\/types\/post"}],"author":[{"embeddable":true,"href":"https:\/\/oraexacta.net\/blog\/wp-json\/wp\/v2\/users\/2"}],"replies":[{"embeddable":true,"href":"https:\/\/oraexacta.net\/blog\/wp-json\/wp\/v2\/comments?post=2803"}],"version-history":[{"count":1,"href":"https:\/\/oraexacta.net\/blog\/wp-json\/wp\/v2\/posts\/2803\/revisions"}],"predecessor-version":[{"id":2805,"href":"https:\/\/oraexacta.net\/blog\/wp-json\/wp\/v2\/posts\/2803\/revisions\/2805"}],"wp:featuredmedia":[{"embeddable":true,"href":"https:\/\/oraexacta.net\/blog\/wp-json\/wp\/v2\/media\/2804"}],"wp:attachment":[{"href":"https:\/\/oraexacta.net\/blog\/wp-json\/wp\/v2\/media?parent=2803"}],"wp:term":[{"taxonomy":"category","embeddable":true,"href":"https:\/\/oraexacta.net\/blog\/wp-json\/wp\/v2\/categories?post=2803"},{"taxonomy":"post_tag","embeddable":true,"href":"https:\/\/oraexacta.net\/blog\/wp-json\/wp\/v2\/tags?post=2803"}],"curies":[{"name":"wp","href":"https:\/\/api.w.org\/{rel}","templated":true}]}}