{"id":873,"date":"2025-03-19T21:05:39","date_gmt":"2025-03-19T21:05:39","guid":{"rendered":"https:\/\/oraexacta.net\/blog\/?p=873"},"modified":"2025-03-19T21:05:41","modified_gmt":"2025-03-19T21:05:41","slug":"mina-si-teatrul-stela-popescu-lampio-si-grauntele-de-lumina-spectacol-imersiv-de-teatru-pentru-copii","status":"publish","type":"post","link":"https:\/\/oraexacta.net\/blog\/2025\/03\/19\/mina-si-teatrul-stela-popescu-lampio-si-grauntele-de-lumina-spectacol-imersiv-de-teatru-pentru-copii\/","title":{"rendered":"MINA \u0219i Teatrul Stela Popescu: Lampio \u0219i gr\u0103untele de lumin\u0103, spectacol imersiv de teatru pentru copii"},"content":{"rendered":"\n<p>MINA, Museum of Immersive New Art, g\u0103zduie\u0219te premiera spectacolului de teatru imersiv \u201eLampio \u0219i gr\u0103untele de lumin\u0103&#8221;, o produc\u021bie a Teatrului Stela Popescu, \u00een regia lui Aurelian Hora\u021biu B\u00eerc\u0103, dramatizat\u0103 de Victoria P\u0103tra\u0219cu. Evenimentul va avea loc pe 22 martie \u0219i pe 29 martie, de la ora 10:00 oferind publicului de toate v\u00e2rstele o poveste plin\u0103 de sensibilitate, emo\u021bie \u0219i inspira\u021bie.<\/p>\n\n\n\n<p>\u201eLampio \u0219i gr\u0103untele de lumin\u0103&#8221; are peste o sut\u0103 de reprezenta\u021bii, pe scena Teatrului Stela Popescu. Este mai mult dec\u00e2t un spectacol \u2013 este o c\u0103l\u0103torie despre curaj, determinare \u0219i descoperirea propriei valori. Protagonistul, un licurici care \u0219i-a pierdut lumina, porne\u0219te \u00eentr-o aventur\u0103 magic\u0103 pentru a-\u0219i reg\u0103si str\u0103lucirea. Pe parcurs, \u00eenva\u021b\u0103 lec\u021bii esen\u021biale despre \u00eencredere, perseveren\u021b\u0103 \u0219i voca\u021bie. \u201ePo\u021bi str\u0103luci doar atunci c\u00e2nd faci ceea ce \u00ee\u021bi place cu adev\u0103rat&#8221; \u2013 este mesajul profund al acestui spectacol.<\/p>\n\n\n\n<p>Dramatizarea piesei este realizat\u0103 de Victoria P\u0103tra\u0219cu, o scriitoare rom\u00e2n\u0103 specializat\u0103 \u00een literatur\u0103 \u0219i dramaturgie pentru copii. Este membru fondator \u0219i vicepre\u0219edinte al Asocia\u021biei De Basm \u2013 Asocia\u021bia Scriitorilor pentru Copii \u0219i Adolescen\u021bi. Prin intermediul acestei organiza\u021bii, a ini\u021biat \u0219i participat la numeroase proiecte culturale dedicate copiilor \u0219i tinerilor, \u00een special celor din zone defavorizate, cu scopul de a-i apropia de lectur\u0103 \u0219i literatur\u0103.<\/p>\n\n\n\n<p>Prin intermediul decorurilor, al proiec\u021biilor digitale realizate de MINA Studios \u0219i al unei echipe artistice de excep\u021bie, spectacolul devine o experien\u021b\u0103 unic\u0103, menit\u0103 s\u0103 \u00eei inspire pe cei mici \u0219i s\u0103 le reaminteasc\u0103 celor mari c\u0103 adev\u0103rata lumin\u0103 vine din interior.<\/p>\n\n\n\n<p>Regia si scenariul spectacolului sunt semnate de Aurelian Hora\u021biu B\u00eerc\u0103, scenografia de Cristian Marin, coregrafia de Ioana Macarie, iar crea\u021bia de con\u021binut digital: MINA Studios, manager de proiect Adina Mastalier.<\/p>\n\n\n\n<p>\u00cen distribu\u0163ia spectacolului imersiv Lampio \u0219i gr\u0103untele de lumin\u0103 vor putea fi v\u0103zu\u0163i : \u00een rolul titular Cristi Neac\u015fu (22 martie) \u015fi Tudor Cucu \u2013 Dumitrescu (29 martie), C\u0103t\u0103lin Fr\u0103sinescu \u2013 Luciano, Cristina Danu &#8211; Stela\/Yup, Irina C\u0103r\u0103mizaru \u2013 Z\u00e2na viselor\/Zdup, Cristina Marin &#8211; Neagu \u2013 Ray\/Bufni\u0163a\/Pas\u0103rea Hope, Florentin Munteanu \u2013 Spot\/Noctilunga, Alexandru Rebeja \/ Eduard Leonte \u2013 Flash\/Bufni\u0163a.<\/p>\n\n\n\n<p>Spectacolul este recomandat copiilor cu v\u00e2rsta de 3+ \u0219i are o durat\u0103 de 60 de minute, f\u0103r\u0103 pauz\u0103.<\/p>\n\n\n\n<p>Biletele sunt disponibile pe https:\/\/specials.minamuseum.com\/ \u0219i la recep\u021bia MINA. Pre\u021b bilet: 60 de lei.<\/p>\n","protected":false},"excerpt":{"rendered":"<p>MINA, Museum of Immersive New Art, g\u0103zduie\u0219te premiera spectacolului de teatru imersiv \u201eLampio \u0219i gr\u0103untele de lumin\u0103&#8221;, o produc\u021bie a Teatrului Stela Popescu, \u00een regia lui Aurelian Hora\u021biu B\u00eerc\u0103, dramatizat\u0103 de Victoria P\u0103tra\u0219cu. Evenimentul va avea loc pe 22 martie \u0219i pe 29 martie, de la ora 10:00 oferind publicului [&hellip;]<\/p>\n","protected":false},"author":1,"featured_media":874,"comment_status":"closed","ping_status":"closed","sticky":false,"template":"","format":"standard","meta":[],"categories":[2,5],"tags":[],"_links":{"self":[{"href":"https:\/\/oraexacta.net\/blog\/wp-json\/wp\/v2\/posts\/873"}],"collection":[{"href":"https:\/\/oraexacta.net\/blog\/wp-json\/wp\/v2\/posts"}],"about":[{"href":"https:\/\/oraexacta.net\/blog\/wp-json\/wp\/v2\/types\/post"}],"author":[{"embeddable":true,"href":"https:\/\/oraexacta.net\/blog\/wp-json\/wp\/v2\/users\/1"}],"replies":[{"embeddable":true,"href":"https:\/\/oraexacta.net\/blog\/wp-json\/wp\/v2\/comments?post=873"}],"version-history":[{"count":1,"href":"https:\/\/oraexacta.net\/blog\/wp-json\/wp\/v2\/posts\/873\/revisions"}],"predecessor-version":[{"id":875,"href":"https:\/\/oraexacta.net\/blog\/wp-json\/wp\/v2\/posts\/873\/revisions\/875"}],"wp:featuredmedia":[{"embeddable":true,"href":"https:\/\/oraexacta.net\/blog\/wp-json\/wp\/v2\/media\/874"}],"wp:attachment":[{"href":"https:\/\/oraexacta.net\/blog\/wp-json\/wp\/v2\/media?parent=873"}],"wp:term":[{"taxonomy":"category","embeddable":true,"href":"https:\/\/oraexacta.net\/blog\/wp-json\/wp\/v2\/categories?post=873"},{"taxonomy":"post_tag","embeddable":true,"href":"https:\/\/oraexacta.net\/blog\/wp-json\/wp\/v2\/tags?post=873"}],"curies":[{"name":"wp","href":"https:\/\/api.w.org\/{rel}","templated":true}]}}